{"id":1052,"date":"2022-06-25T14:13:54","date_gmt":"2022-06-25T12:13:54","guid":{"rendered":"http:\/\/information-crise-sanitaire.ricod.net\/?p=1052"},"modified":"2022-07-12T17:40:41","modified_gmt":"2022-07-12T15:40:41","slug":"age-des-participants","status":"publish","type":"post","link":"http:\/\/information-crise-sanitaire.ricod.net\/index.php\/2022\/06\/25\/age-des-participants\/","title":{"rendered":"Une enqu\u00eate r\u00e9alis\u00e9e aupr\u00e8s d\u2019un public majoritairement\u00a0 jeune"},"content":{"rendered":"\t\t<div data-elementor-type=\"wp-post\" data-elementor-id=\"1052\" class=\"elementor elementor-1052\">\n\t\t\t\t\t\t\t\t\t<section class=\"elementor-section elementor-top-section elementor-element elementor-element-bb9cc08 elementor-section-boxed elementor-section-height-default elementor-section-height-default\" data-id=\"bb9cc08\" data-element_type=\"section\">\n\t\t\t\t\t\t<div class=\"elementor-container elementor-column-gap-default\">\n\t\t\t\t\t<div class=\"elementor-column elementor-col-50 elementor-top-column elementor-element elementor-element-6784d53\" data-id=\"6784d53\" data-element_type=\"column\">\n\t\t\t<div class=\"elementor-widget-wrap elementor-element-populated\">\n\t\t\t\t\t\t\t\t<div class=\"elementor-element elementor-element-39437fb2 elementor-widget elementor-widget-text-editor\" data-id=\"39437fb2\" data-element_type=\"widget\" data-widget_type=\"text-editor.default\">\n\t\t\t\t<div class=\"elementor-widget-container\">\n\t\t\t<style>\/*! elementor - v3.6.6 - 08-06-2022 *\/\n.elementor-widget-text-editor.elementor-drop-cap-view-stacked .elementor-drop-cap{background-color:#818a91;color:#fff}.elementor-widget-text-editor.elementor-drop-cap-view-framed .elementor-drop-cap{color:#818a91;border:3px solid;background-color:transparent}.elementor-widget-text-editor:not(.elementor-drop-cap-view-default) .elementor-drop-cap{margin-top:8px}.elementor-widget-text-editor:not(.elementor-drop-cap-view-default) .elementor-drop-cap-letter{width:1em;height:1em}.elementor-widget-text-editor .elementor-drop-cap{float:left;text-align:center;line-height:1;font-size:50px}.elementor-widget-text-editor .elementor-drop-cap-letter{display:inline-block}<\/style>\t\t\t\t<p><!-- wp:heading --><\/p>\n<p><!-- \/wp:heading --><!-- wp:paragraph --><\/p>\n<p>Les participants interrog\u00e9s dans le cadre du questionnaire\u00a0 sanitaire v\u00e9cus et ressentis de la crise sanitaire ont en majorit\u00e9 moins de 30 ans. Pr\u00e8s d\u2019un quart ont entre 30 et 50 ans et 17 % des participants ont plus de 50 ans. La personne la plus jeune a 19 ans et la plus \u00e2g\u00e9e 68 ans.\u00a0<\/p>\n<p><!-- \/wp:paragraph --><!-- wp:paragraph --><\/p>\n<p>La moyenne d\u2019\u00e2ge est de 34 ans et l\u2019\u00e2ge m\u00e9dian est \u00e0 27 ans. Nous avons d\u00e9cid\u00e9 pour notre analyse de nous servir de cet \u00e2ge m\u00e9dian comme base de comparaison. Les analyses ont donc \u00e9t\u00e9 effectu\u00e9es selon les deux tranches d&rsquo;\u00e2ges suivantes :\u00a0\u00a0<\/p>\n<ul>\n<li>Tranche 1 : les moins de 27 ans (les\u00a0 individus d\u2019\u00e2ge inf\u00e9rieur ou \u00e9gal \u00e0 27 ans)<\/li>\n<li>Tranche 2 : les plus de 27 ans (ceux ayant plus de 27 ans).<\/li>\n<\/ul>\n<p><!-- \/wp:paragraph --><!-- wp:paragraph --><\/p>\n<p>Une forte majorit\u00e9 de personnes interrog\u00e9es habitent la r\u00e9gion \u00cele-de-France, dont la plupart vivent \u00e0 Paris et sa petite couronne.<\/p>\n<p><!-- \/wp:paragraph --><!-- wp:paragraph --><\/p>\n<p><!-- \/wp:paragraph --><\/p>\t\t\t\t\t\t<\/div>\n\t\t\t\t<\/div>\n\t\t\t\t\t<\/div>\n\t\t<\/div>\n\t\t\t\t<div class=\"elementor-column elementor-col-50 elementor-top-column elementor-element elementor-element-d030741\" data-id=\"d030741\" data-element_type=\"column\">\n\t\t\t<div class=\"elementor-widget-wrap elementor-element-populated\">\n\t\t\t\t\t\t\t\t<div class=\"elementor-element elementor-element-9a0fa4a elementor-widget elementor-widget-image\" data-id=\"9a0fa4a\" data-element_type=\"widget\" data-widget_type=\"image.default\">\n\t\t\t\t<div class=\"elementor-widget-container\">\n\t\t\t<style>\/*! elementor - v3.6.6 - 08-06-2022 *\/\n.elementor-widget-image{text-align:center}.elementor-widget-image a{display:inline-block}.elementor-widget-image a img[src$=\".svg\"]{width:48px}.elementor-widget-image img{vertical-align:middle;display:inline-block}<\/style>\t\t\t\t\t\t\t\t\t\t\t\t<img decoding=\"async\" width=\"413\" height=\"525\" src=\"http:\/\/information-crise-sanitaire.ricod.net\/wp-content\/uploads\/2022\/07\/age-des-participants-png.png\" class=\"attachment-large size-large tg-image-to-reveal-fade-in-down\" alt=\"\" loading=\"lazy\" srcset=\"http:\/\/information-crise-sanitaire.ricod.net\/wp-content\/uploads\/2022\/07\/age-des-participants-png.png 413w, http:\/\/information-crise-sanitaire.ricod.net\/wp-content\/uploads\/2022\/07\/age-des-participants-png-236x300.png 236w\" sizes=\"(max-width: 413px) 100vw, 413px\" \/>\t\t\t\t\t\t\t\t\t\t\t\t\t\t\t<\/div>\n\t\t\t\t<\/div>\n\t\t\t\t\t<\/div>\n\t\t<\/div>\n\t\t\t\t\t\t\t<\/div>\n\t\t<\/section>\n\t\t\t\t\t\t\t<\/div>\n\t\t","protected":false},"excerpt":{"rendered":"<p>Les participants interrog\u00e9s dans le cadre du questionnaire\u00a0 sanitaire v\u00e9cus et ressentis de la crise sanitaire ont en majorit\u00e9 moins de 30 ans. Pr\u00e8s d\u2019un quart ont entre 30 et 50 ans et 17 % des participants ont plus de<\/p>\n","protected":false},"author":4,"featured_media":1740,"comment_status":"open","ping_status":"open","sticky":false,"template":"","format":"standard","meta":{"om_disable_all_campaigns":false,"_monsterinsights_skip_tracking":false,"_monsterinsights_sitenote_active":false,"_monsterinsights_sitenote_note":"","_monsterinsights_sitenote_category":0},"categories":[63,29],"tags":[],"_links":{"self":[{"href":"http:\/\/information-crise-sanitaire.ricod.net\/index.php\/wp-json\/wp\/v2\/posts\/1052"}],"collection":[{"href":"http:\/\/information-crise-sanitaire.ricod.net\/index.php\/wp-json\/wp\/v2\/posts"}],"about":[{"href":"http:\/\/information-crise-sanitaire.ricod.net\/index.php\/wp-json\/wp\/v2\/types\/post"}],"author":[{"embeddable":true,"href":"http:\/\/information-crise-sanitaire.ricod.net\/index.php\/wp-json\/wp\/v2\/users\/4"}],"replies":[{"embeddable":true,"href":"http:\/\/information-crise-sanitaire.ricod.net\/index.php\/wp-json\/wp\/v2\/comments?post=1052"}],"version-history":[{"count":23,"href":"http:\/\/information-crise-sanitaire.ricod.net\/index.php\/wp-json\/wp\/v2\/posts\/1052\/revisions"}],"predecessor-version":[{"id":1741,"href":"http:\/\/information-crise-sanitaire.ricod.net\/index.php\/wp-json\/wp\/v2\/posts\/1052\/revisions\/1741"}],"wp:featuredmedia":[{"embeddable":true,"href":"http:\/\/information-crise-sanitaire.ricod.net\/index.php\/wp-json\/wp\/v2\/media\/1740"}],"wp:attachment":[{"href":"http:\/\/information-crise-sanitaire.ricod.net\/index.php\/wp-json\/wp\/v2\/media?parent=1052"}],"wp:term":[{"taxonomy":"category","embeddable":true,"href":"http:\/\/information-crise-sanitaire.ricod.net\/index.php\/wp-json\/wp\/v2\/categories?post=1052"},{"taxonomy":"post_tag","embeddable":true,"href":"http:\/\/information-crise-sanitaire.ricod.net\/index.php\/wp-json\/wp\/v2\/tags?post=1052"}],"curies":[{"name":"wp","href":"https:\/\/api.w.org\/{rel}","templated":true}]}}