{"id":1141,"date":"2022-06-25T15:12:08","date_gmt":"2022-06-25T13:12:08","guid":{"rendered":"http:\/\/information-crise-sanitaire.ricod.net\/?p=1141"},"modified":"2022-07-15T10:33:51","modified_gmt":"2022-07-15T08:33:51","slug":"des-participants-principalement-etudiants-et-ou-actifs","status":"publish","type":"post","link":"http:\/\/information-crise-sanitaire.ricod.net\/index.php\/2022\/06\/25\/des-participants-principalement-etudiants-et-ou-actifs\/","title":{"rendered":"Des participants principalement \u00e9tudiants et\/ou actifs."},"content":{"rendered":"\t\t<div data-elementor-type=\"wp-post\" data-elementor-id=\"1141\" class=\"elementor elementor-1141\">\n\t\t\t\t\t\t\t\t\t<section class=\"elementor-section elementor-top-section elementor-element elementor-element-4e15584c elementor-section-boxed elementor-section-height-default elementor-section-height-default\" data-id=\"4e15584c\" data-element_type=\"section\">\n\t\t\t\t\t\t<div class=\"elementor-container elementor-column-gap-default\">\n\t\t\t\t\t<div class=\"elementor-column elementor-col-100 elementor-top-column elementor-element elementor-element-6ce0dbe4\" data-id=\"6ce0dbe4\" data-element_type=\"column\">\n\t\t\t<div class=\"elementor-widget-wrap elementor-element-populated\">\n\t\t\t\t\t\t\t\t<div class=\"elementor-element elementor-element-8b0a7ec elementor-widget elementor-widget-text-editor\" data-id=\"8b0a7ec\" data-element_type=\"widget\" data-widget_type=\"text-editor.default\">\n\t\t\t\t<div class=\"elementor-widget-container\">\n\t\t\t<style>\/*! elementor - v3.6.6 - 08-06-2022 *\/\n.elementor-widget-text-editor.elementor-drop-cap-view-stacked .elementor-drop-cap{background-color:#818a91;color:#fff}.elementor-widget-text-editor.elementor-drop-cap-view-framed .elementor-drop-cap{color:#818a91;border:3px solid;background-color:transparent}.elementor-widget-text-editor:not(.elementor-drop-cap-view-default) .elementor-drop-cap{margin-top:8px}.elementor-widget-text-editor:not(.elementor-drop-cap-view-default) .elementor-drop-cap-letter{width:1em;height:1em}.elementor-widget-text-editor .elementor-drop-cap{float:left;text-align:center;line-height:1;font-size:50px}.elementor-widget-text-editor .elementor-drop-cap-letter{display:inline-block}<\/style>\t\t\t\t<p><!-- wp:paragraph --><\/p>\n<p><img decoding=\"async\" loading=\"lazy\" class=\"alignleft wp-image-1143\" src=\"http:\/\/information-crise-sanitaire.ricod.net\/wp-content\/uploads\/2022\/06\/Statut-emploi.png\" alt=\"\" width=\"400\" height=\"419\" srcset=\"http:\/\/information-crise-sanitaire.ricod.net\/wp-content\/uploads\/2022\/06\/Statut-emploi.png 618w, http:\/\/information-crise-sanitaire.ricod.net\/wp-content\/uploads\/2022\/06\/Statut-emploi-286x300.png 286w\" sizes=\"(max-width: 400px) 100vw, 400px\" \/>81% des r\u00e9pondants au questionnaire sont actifs et exercent en majorit\u00e9 dans le secteur de la communication et du digital.<\/p>\n<p>Cet \u00e9chantillon est principalement compos\u00e9 d\u2019\u00e9tudiants en CDD ou en alternance (39%) et de salari\u00e9s en CDI ou fonctionnaires (34%).<\/p>\n<p><!-- \/wp:paragraph --><!-- wp:paragraph --><\/p>\n<p>En comparant le statut d\u2019emploi des participants selon l\u2019\u00e2ge m\u00e9dian de 27 ans, on remarque que :<\/p>\n<ul>\n<li>Les moins de 27 ans sont pour 87% des \u00e9tudiants (dont 64 % qui travaillent en parall\u00e8le de leurs \u00e9tudes)<\/li>\n<li>Les plus de 27 ans ont un statut d\u2019emploi en CDI ou sont fonctionnaires.<\/li>\n<\/ul>\n<p>\u00a0<\/p>\n<p><!-- \/wp:paragraph --><\/p>\t\t\t\t\t\t<\/div>\n\t\t\t\t<\/div>\n\t\t\t\t\t<\/div>\n\t\t<\/div>\n\t\t\t\t\t\t\t<\/div>\n\t\t<\/section>\n\t\t\t\t\t\t\t<\/div>\n\t\t","protected":false},"excerpt":{"rendered":"<p>81% des r\u00e9pondants au questionnaire sont actifs et exercent en majorit\u00e9 dans le secteur de la communication et du digital. Cet \u00e9chantillon est principalement compos\u00e9 d\u2019\u00e9tudiants en CDD ou en alternance (39%) et de salari\u00e9s en CDI ou fonctionnaires (34%).<\/p>\n","protected":false},"author":4,"featured_media":1143,"comment_status":"open","ping_status":"open","sticky":false,"template":"","format":"standard","meta":{"om_disable_all_campaigns":false,"_monsterinsights_skip_tracking":false,"_monsterinsights_sitenote_active":false,"_monsterinsights_sitenote_note":"","_monsterinsights_sitenote_category":0},"categories":[65,29,79],"tags":[],"_links":{"self":[{"href":"http:\/\/information-crise-sanitaire.ricod.net\/index.php\/wp-json\/wp\/v2\/posts\/1141"}],"collection":[{"href":"http:\/\/information-crise-sanitaire.ricod.net\/index.php\/wp-json\/wp\/v2\/posts"}],"about":[{"href":"http:\/\/information-crise-sanitaire.ricod.net\/index.php\/wp-json\/wp\/v2\/types\/post"}],"author":[{"embeddable":true,"href":"http:\/\/information-crise-sanitaire.ricod.net\/index.php\/wp-json\/wp\/v2\/users\/4"}],"replies":[{"embeddable":true,"href":"http:\/\/information-crise-sanitaire.ricod.net\/index.php\/wp-json\/wp\/v2\/comments?post=1141"}],"version-history":[{"count":30,"href":"http:\/\/information-crise-sanitaire.ricod.net\/index.php\/wp-json\/wp\/v2\/posts\/1141\/revisions"}],"predecessor-version":[{"id":1756,"href":"http:\/\/information-crise-sanitaire.ricod.net\/index.php\/wp-json\/wp\/v2\/posts\/1141\/revisions\/1756"}],"wp:featuredmedia":[{"embeddable":true,"href":"http:\/\/information-crise-sanitaire.ricod.net\/index.php\/wp-json\/wp\/v2\/media\/1143"}],"wp:attachment":[{"href":"http:\/\/information-crise-sanitaire.ricod.net\/index.php\/wp-json\/wp\/v2\/media?parent=1141"}],"wp:term":[{"taxonomy":"category","embeddable":true,"href":"http:\/\/information-crise-sanitaire.ricod.net\/index.php\/wp-json\/wp\/v2\/categories?post=1141"},{"taxonomy":"post_tag","embeddable":true,"href":"http:\/\/information-crise-sanitaire.ricod.net\/index.php\/wp-json\/wp\/v2\/tags?post=1141"}],"curies":[{"name":"wp","href":"https:\/\/api.w.org\/{rel}","templated":true}]}}