{"id":1166,"date":"2022-06-25T15:23:45","date_gmt":"2022-06-25T13:23:45","guid":{"rendered":"http:\/\/information-crise-sanitaire.ricod.net\/?p=1166"},"modified":"2022-07-07T16:28:37","modified_gmt":"2022-07-07T14:28:37","slug":"la-moitie-des-participants-ont-eu-le-covid-sans-etre-des-personnes-a-risques","status":"publish","type":"post","link":"http:\/\/information-crise-sanitaire.ricod.net\/index.php\/2022\/06\/25\/la-moitie-des-participants-ont-eu-le-covid-sans-etre-des-personnes-a-risques\/","title":{"rendered":"La moiti\u00e9 des participants ont eu le covid, sans \u00eatre des personnes \u00ab\u00a0\u00e0 risque\u00a0\u00bb."},"content":{"rendered":"\t\t<div data-elementor-type=\"wp-post\" data-elementor-id=\"1166\" class=\"elementor elementor-1166\">\n\t\t\t\t\t\t\t\t\t<section class=\"elementor-section elementor-top-section elementor-element elementor-element-2525cb9d elementor-section-boxed elementor-section-height-default elementor-section-height-default\" data-id=\"2525cb9d\" data-element_type=\"section\">\n\t\t\t\t\t\t<div class=\"elementor-container elementor-column-gap-default\">\n\t\t\t\t\t<div class=\"elementor-column elementor-col-100 elementor-top-column elementor-element elementor-element-35159d04\" data-id=\"35159d04\" data-element_type=\"column\">\n\t\t\t<div class=\"elementor-widget-wrap elementor-element-populated\">\n\t\t\t\t\t\t\t\t<div class=\"elementor-element elementor-element-5d5baf47 elementor-widget elementor-widget-text-editor\" data-id=\"5d5baf47\" data-element_type=\"widget\" data-widget_type=\"text-editor.default\">\n\t\t\t\t<div class=\"elementor-widget-container\">\n\t\t\t<style>\/*! elementor - v3.6.6 - 08-06-2022 *\/\n.elementor-widget-text-editor.elementor-drop-cap-view-stacked .elementor-drop-cap{background-color:#818a91;color:#fff}.elementor-widget-text-editor.elementor-drop-cap-view-framed .elementor-drop-cap{color:#818a91;border:3px solid;background-color:transparent}.elementor-widget-text-editor:not(.elementor-drop-cap-view-default) .elementor-drop-cap{margin-top:8px}.elementor-widget-text-editor:not(.elementor-drop-cap-view-default) .elementor-drop-cap-letter{width:1em;height:1em}.elementor-widget-text-editor .elementor-drop-cap{float:left;text-align:center;line-height:1;font-size:50px}.elementor-widget-text-editor .elementor-drop-cap-letter{display:inline-block}<\/style>\t\t\t\t<p><!-- wp:paragraph --><\/p>\n<p><img decoding=\"async\" loading=\"lazy\" class=\"alignright wp-image-1170\" src=\"http:\/\/information-crise-sanitaire.ricod.net\/wp-content\/uploads\/2022\/06\/Facteurs-risque.png\" alt=\"\" width=\"500\" height=\"469\" srcset=\"http:\/\/information-crise-sanitaire.ricod.net\/wp-content\/uploads\/2022\/06\/Facteurs-risque.png 588w, http:\/\/information-crise-sanitaire.ricod.net\/wp-content\/uploads\/2022\/06\/Facteurs-risque-300x282.png 300w\" sizes=\"(max-width: 500px) 100vw, 500px\" \/>49% des participants ont eu le COVID. N\u00e9anmoins, une grande majorit\u00e9 des participants (87%) affirment ne pas avoir de facteurs de risques connus face au virus, seulement 11 % d\u00e9clarent en avoir connaissance.&nbsp;<\/p>\n<p>Les participants sont en majorit\u00e9 (68 %) \u00e0 avoir contract\u00e9 un covid l\u00e9ger.<\/p>\n<p>11 % ont \u00e9t\u00e9 asymptomatiques. Pr\u00e8s d\u2019un quart (21 %) ont tout de m\u00eame d\u00e9clar\u00e9 avoir eu un covid s\u00e9rieux.&nbsp;<\/p>\n<p><span style=\"font-family: Poppins, sans-serif; font-size: 16px; font-style: normal; font-variant-ligatures: normal; font-variant-caps: normal; font-weight: 400;\">De m\u00eame, 79% des personnes interrog\u00e9es n&rsquo;ont pas \u00e9t\u00e9 en proximit\u00e9 avec des personnes&nbsp;<\/span><span style=\"font-family: Poppins, sans-serif; font-size: 16px; font-style: normal; font-variant-ligatures: normal; font-variant-caps: normal; font-weight: 400;\">fragiles.<\/span><\/p>\n<p><img decoding=\"async\" loading=\"lazy\" class=\"aligncenter wp-image-1171 size-large\" src=\"http:\/\/information-crise-sanitaire.ricod.net\/wp-content\/uploads\/2022\/06\/gravite-proximite\u0301-1024x547.png\" alt=\"\" width=\"800\" height=\"427\" srcset=\"http:\/\/information-crise-sanitaire.ricod.net\/wp-content\/uploads\/2022\/06\/gravite-proximite\u0301-1024x547.png 1024w, http:\/\/information-crise-sanitaire.ricod.net\/wp-content\/uploads\/2022\/06\/gravite-proximite\u0301-300x160.png 300w, http:\/\/information-crise-sanitaire.ricod.net\/wp-content\/uploads\/2022\/06\/gravite-proximite\u0301-768x410.png 768w, http:\/\/information-crise-sanitaire.ricod.net\/wp-content\/uploads\/2022\/06\/gravite-proximite\u0301-1536x821.png 1536w, http:\/\/information-crise-sanitaire.ricod.net\/wp-content\/uploads\/2022\/06\/gravite-proximite\u0301-2048x1094.png 2048w\" sizes=\"(max-width: 800px) 100vw, 800px\" \/><\/p>\n<p>Par ailleurs, on ne note pas de diff\u00e9rence notable sur la gravit\u00e9 de la maladie selon l\u2019\u00e2ge m\u00e9dian de 27 ans, entre les plus jeunes et les moin<\/p>\n<p><\/p>\n<p><!-- \/wp:paragraph --><\/p>\t\t\t\t\t\t<\/div>\n\t\t\t\t<\/div>\n\t\t\t\t\t<\/div>\n\t\t<\/div>\n\t\t\t\t\t\t\t<\/div>\n\t\t<\/section>\n\t\t\t\t\t\t\t<\/div>\n\t\t","protected":false},"excerpt":{"rendered":"<p>49% des participants ont eu le COVID. N\u00e9anmoins, une grande majorit\u00e9 des participants (87%) affirment ne pas avoir de facteurs de risques connus face au virus, seulement 11 % d\u00e9clarent en avoir connaissance.&nbsp; Les participants sont en majorit\u00e9 (68 %)<\/p>\n","protected":false},"author":4,"featured_media":1170,"comment_status":"open","ping_status":"open","sticky":false,"template":"","format":"standard","meta":{"om_disable_all_campaigns":false,"_monsterinsights_skip_tracking":false,"_monsterinsights_sitenote_active":false,"_monsterinsights_sitenote_note":"","_monsterinsights_sitenote_category":0},"categories":[66,29,79],"tags":[],"_links":{"self":[{"href":"http:\/\/information-crise-sanitaire.ricod.net\/index.php\/wp-json\/wp\/v2\/posts\/1166"}],"collection":[{"href":"http:\/\/information-crise-sanitaire.ricod.net\/index.php\/wp-json\/wp\/v2\/posts"}],"about":[{"href":"http:\/\/information-crise-sanitaire.ricod.net\/index.php\/wp-json\/wp\/v2\/types\/post"}],"author":[{"embeddable":true,"href":"http:\/\/information-crise-sanitaire.ricod.net\/index.php\/wp-json\/wp\/v2\/users\/4"}],"replies":[{"embeddable":true,"href":"http:\/\/information-crise-sanitaire.ricod.net\/index.php\/wp-json\/wp\/v2\/comments?post=1166"}],"version-history":[{"count":18,"href":"http:\/\/information-crise-sanitaire.ricod.net\/index.php\/wp-json\/wp\/v2\/posts\/1166\/revisions"}],"predecessor-version":[{"id":1238,"href":"http:\/\/information-crise-sanitaire.ricod.net\/index.php\/wp-json\/wp\/v2\/posts\/1166\/revisions\/1238"}],"wp:featuredmedia":[{"embeddable":true,"href":"http:\/\/information-crise-sanitaire.ricod.net\/index.php\/wp-json\/wp\/v2\/media\/1170"}],"wp:attachment":[{"href":"http:\/\/information-crise-sanitaire.ricod.net\/index.php\/wp-json\/wp\/v2\/media?parent=1166"}],"wp:term":[{"taxonomy":"category","embeddable":true,"href":"http:\/\/information-crise-sanitaire.ricod.net\/index.php\/wp-json\/wp\/v2\/categories?post=1166"},{"taxonomy":"post_tag","embeddable":true,"href":"http:\/\/information-crise-sanitaire.ricod.net\/index.php\/wp-json\/wp\/v2\/tags?post=1166"}],"curies":[{"name":"wp","href":"https:\/\/api.w.org\/{rel}","templated":true}]}}