{"id":1222,"date":"2022-06-25T16:54:14","date_gmt":"2022-06-25T14:54:14","guid":{"rendered":"http:\/\/information-crise-sanitaire.ricod.net\/?p=1222"},"modified":"2022-07-07T16:27:15","modified_gmt":"2022-07-07T14:27:15","slug":"une-epidemie-ressentie-comme-grave-mais-surtout-pour-certaines-personnes","status":"publish","type":"post","link":"http:\/\/information-crise-sanitaire.ricod.net\/index.php\/2022\/06\/25\/une-epidemie-ressentie-comme-grave-mais-surtout-pour-certaines-personnes\/","title":{"rendered":"Une \u00e9pid\u00e9mie v\u00e9cue comme grave, mais surtout pour \u00ab\u00a0certaines personnes\u00a0\u00bb."},"content":{"rendered":"\n<p>Pour 61 % des participants, l\u2019\u00e9pid\u00e9mie est ressentie et qualifi\u00e9e de \u201cgrave ou tr\u00e8s grave\u201d, mais elle reste comparable \u00e0 d\u2019autres \u00e9pid\u00e9mie en termes de&nbsp; \u00ab\u00a0taux de mortalit\u00e9\u00a0\u00bb. Parmi ces participants, 9 % estiment que cette \u00e9pid\u00e9mie est vraiment \u00ab\u00a0dramatique et sans commune mesure depuis un si\u00e8cle\u00a0\u00bb.&nbsp;<\/p>\n\n\n\n<p>Par ailleurs, 34% des participants consid\u00e8rent que l&rsquo;\u00e9pid\u00e9mie a surtout eu des cons\u00e9quences pour \u00ab\u00a0certaines personnes\u00a0\u00bb. <\/p>\n\n\n\n<p>23 % des participants pensent que, certes, l\u2019\u00e9pid\u00e9mie du Covid est s\u00e9rieuse, mais qu&rsquo;elle a \u00e9t\u00e9 surexpos\u00e9e m\u00e9diatiquement et politiquement. <\/p>\n\n\n\n<div class=\"wp-block-image\"><figure class=\"aligncenter size-full\"><img decoding=\"async\" loading=\"lazy\" width=\"606\" height=\"456\" src=\"http:\/\/information-crise-sanitaire.ricod.net\/wp-content\/uploads\/2022\/07\/la-gravite\u0301-de-le\u0301pide\u0301mie-et-ces-conse\u0301quences.png\" alt=\"\" class=\"wp-image-1611\" srcset=\"http:\/\/information-crise-sanitaire.ricod.net\/wp-content\/uploads\/2022\/07\/la-gravite\u0301-de-le\u0301pide\u0301mie-et-ces-conse\u0301quences.png 606w, http:\/\/information-crise-sanitaire.ricod.net\/wp-content\/uploads\/2022\/07\/la-gravite\u0301-de-le\u0301pide\u0301mie-et-ces-conse\u0301quences-300x226.png 300w\" sizes=\"(max-width: 606px) 100vw, 606px\" \/><\/figure><\/div>\n\n\n\n<p><\/p>\n","protected":false},"excerpt":{"rendered":"<p>Pour 61 % des participants, l\u2019\u00e9pid\u00e9mie est ressentie et qualifi\u00e9e de \u201cgrave ou tr\u00e8s grave\u201d, mais elle reste comparable \u00e0 d\u2019autres \u00e9pid\u00e9mie en termes de&nbsp; \u00ab\u00a0taux de mortalit\u00e9\u00a0\u00bb. Parmi ces participants, 9 % estiment que cette \u00e9pid\u00e9mie est vraiment \u00ab\u00a0dramatique<\/p>\n","protected":false},"author":4,"featured_media":865,"comment_status":"open","ping_status":"open","sticky":false,"template":"","format":"standard","meta":{"om_disable_all_campaigns":false,"_monsterinsights_skip_tracking":false,"_monsterinsights_sitenote_active":false,"_monsterinsights_sitenote_note":"","_monsterinsights_sitenote_category":0},"categories":[68,30,79],"tags":[],"_links":{"self":[{"href":"http:\/\/information-crise-sanitaire.ricod.net\/index.php\/wp-json\/wp\/v2\/posts\/1222"}],"collection":[{"href":"http:\/\/information-crise-sanitaire.ricod.net\/index.php\/wp-json\/wp\/v2\/posts"}],"about":[{"href":"http:\/\/information-crise-sanitaire.ricod.net\/index.php\/wp-json\/wp\/v2\/types\/post"}],"author":[{"embeddable":true,"href":"http:\/\/information-crise-sanitaire.ricod.net\/index.php\/wp-json\/wp\/v2\/users\/4"}],"replies":[{"embeddable":true,"href":"http:\/\/information-crise-sanitaire.ricod.net\/index.php\/wp-json\/wp\/v2\/comments?post=1222"}],"version-history":[{"count":3,"href":"http:\/\/information-crise-sanitaire.ricod.net\/index.php\/wp-json\/wp\/v2\/posts\/1222\/revisions"}],"predecessor-version":[{"id":1612,"href":"http:\/\/information-crise-sanitaire.ricod.net\/index.php\/wp-json\/wp\/v2\/posts\/1222\/revisions\/1612"}],"wp:featuredmedia":[{"embeddable":true,"href":"http:\/\/information-crise-sanitaire.ricod.net\/index.php\/wp-json\/wp\/v2\/media\/865"}],"wp:attachment":[{"href":"http:\/\/information-crise-sanitaire.ricod.net\/index.php\/wp-json\/wp\/v2\/media?parent=1222"}],"wp:term":[{"taxonomy":"category","embeddable":true,"href":"http:\/\/information-crise-sanitaire.ricod.net\/index.php\/wp-json\/wp\/v2\/categories?post=1222"},{"taxonomy":"post_tag","embeddable":true,"href":"http:\/\/information-crise-sanitaire.ricod.net\/index.php\/wp-json\/wp\/v2\/tags?post=1222"}],"curies":[{"name":"wp","href":"https:\/\/api.w.org\/{rel}","templated":true}]}}