{"id":1520,"date":"2022-06-29T10:29:15","date_gmt":"2022-06-29T08:29:15","guid":{"rendered":"http:\/\/information-crise-sanitaire.ricod.net\/?p=1520"},"modified":"2022-07-07T16:26:29","modified_gmt":"2022-07-07T14:26:29","slug":"moins-de-27-ans-plus-enclins-a-accepter-les-mesures-sanitaires","status":"publish","type":"post","link":"http:\/\/information-crise-sanitaire.ricod.net\/index.php\/2022\/06\/29\/moins-de-27-ans-plus-enclins-a-accepter-les-mesures-sanitaires\/","title":{"rendered":"Les moins de 27 ans plus enclins \u00e0 accepter les mesures sanitaires."},"content":{"rendered":"<p><\/p>\n\n\n<\/p>\n<p>Si les mesures sanitaires ont \u00e9t\u00e9 jug\u00e9es globalement comme n\u00e9cessaires, elles sont paradoxalement v\u00e9cues pour une quasi \u00e9gale proportion de participants comme excessives.<\/p>\n<p>\n\n\n\n<\/p>\n<p>Une analyse des r\u00e9ponses par mesures sanitaires \u201cport du masque en ext\u00e9rieur\u201d, \u201ccouvre-feu\u201d, \u201cattestation de sortie\u201d, \u201cpasse vaccinal\u201d ou \u201cprolongation des confinements\u201d, fait davantage ressortir leur caract\u00e8re excessif pour la majorit\u00e9 des participants. En revanche, les mesures comme \u201cle premier confinement\u201d, \u201cles cours \u00e0 distance\u201d, \u201cle t\u00e9l\u00e9travail\u201d, \u201cla fermeture des \u00e9coles \u00e0 certaines p\u00e9riodes\u201d sont plus v\u00e9cues comme n\u00e9cessaires. Quant aux mesures concernant\u00a0 \u201cla g\u00e9n\u00e9ralisation des tests\u201d, \u201cla vaccination de toute la population\u201d, \u201cle passe sanitaire\u201d les r\u00e9ponses des participants sont plus mitig\u00e9es \u00e0 parts \u00e9gales entre excessives et n\u00e9cessaires.\u00a0<\/p>\n<p><img decoding=\"async\" loading=\"lazy\" src=\"http:\/\/information-crise-sanitaire.ricod.net\/wp-content\/uploads\/2022\/06\/Mesures-sanitaires.png\" alt=\"\" width=\"500\" height=\"375\" \/><\/p>\n<p>\n\n\n\n<\/p>\n<p>\u00a0<\/p>\n<p>\n\n\n\n<\/p>\n<p>Lorsque l\u2019on compare les r\u00e9ponses en fonction des tranches d\u2019\u00e2ge, on constate alors que les plus jeunes (- de 27 ans) ont jug\u00e9 dans leur globalit\u00e9 les mesures sanitaires n\u00e9cessaires, les moins \u00e2g\u00e9s (+ de 27 ans) les ont davantage v\u00e9cus comme excessives.\u00a0 Cette diff\u00e9rence d\u2019appr\u00e9ciation des mesures sanitaires est \u00e0 relier au types de mesures sanitaires qui n\u2019impactent pas les citoyens\u00a0de la m\u00eame mani\u00e8re selon leur \u00e2ge. Par exemple sur la fermeture des \u00e9coles qui est consid\u00e9r\u00e9e comme une mesure n\u00e9cessaire en majorit\u00e9, la part des plus de 27 ans consid\u00e8rent toutefois cette mesure excessive \u00e0 16%\u00a0 alors que chez les plus jeunes (- de 27 ans) ce taux s\u2019\u00e9l\u00e8ve \u00e0 35%. On rel\u00e8ve ainsi d\u2019autres diff\u00e9rences selon les tranches d&rsquo;\u00e2ge, c\u2019est le cas pour les mesures comme le passe sanitaire, la vaccination des adolescents, la g\u00e9n\u00e9ralisation des tests. Pour les r\u00e9pondants de plus de 27 ans, ces mesures sont consid\u00e9r\u00e9es comme excessives pour une majorit\u00e9, alors que pour les moins de 27 ans, elles sont d\u2019abord jug\u00e9es n\u00e9cessaires.\u00a0<\/p>\n<p><img decoding=\"async\" loading=\"lazy\" src=\"http:\/\/information-crise-sanitaire.ricod.net\/wp-content\/uploads\/2022\/06\/MS-par-age-1024x448.jpg\" alt=\"\" width=\"850\" height=\"372\" \/><\/p>\n<p>\n\n\n\n<\/p>\n<p>Globalement, on voit que le niveau d\u2019acceptation est sensiblement plus \u00e9lev\u00e9 chez les plus jeunes, et plus bas chez les participants plus \u00e2g\u00e9s qui sont davantage critiques face aux mesures mises en oeuvre pendant la crise COVID.<\/p>\n<p>\n\n\n<p><\/p>","protected":false},"excerpt":{"rendered":"<p>Si les mesures sanitaires ont \u00e9t\u00e9 jug\u00e9es globalement comme n\u00e9cessaires, elles sont paradoxalement v\u00e9cues pour une quasi \u00e9gale proportion de participants comme excessives. Une analyse des r\u00e9ponses par mesures sanitaires \u201cport du masque en ext\u00e9rieur\u201d, \u201ccouvre-feu\u201d, \u201cattestation de sortie\u201d, \u201cpasse<\/p>\n","protected":false},"author":4,"featured_media":1345,"comment_status":"open","ping_status":"open","sticky":false,"template":"","format":"standard","meta":{"om_disable_all_campaigns":false,"_monsterinsights_skip_tracking":false,"_monsterinsights_sitenote_active":false,"_monsterinsights_sitenote_note":"","_monsterinsights_sitenote_category":0},"categories":[30,69,79],"tags":[],"_links":{"self":[{"href":"http:\/\/information-crise-sanitaire.ricod.net\/index.php\/wp-json\/wp\/v2\/posts\/1520"}],"collection":[{"href":"http:\/\/information-crise-sanitaire.ricod.net\/index.php\/wp-json\/wp\/v2\/posts"}],"about":[{"href":"http:\/\/information-crise-sanitaire.ricod.net\/index.php\/wp-json\/wp\/v2\/types\/post"}],"author":[{"embeddable":true,"href":"http:\/\/information-crise-sanitaire.ricod.net\/index.php\/wp-json\/wp\/v2\/users\/4"}],"replies":[{"embeddable":true,"href":"http:\/\/information-crise-sanitaire.ricod.net\/index.php\/wp-json\/wp\/v2\/comments?post=1520"}],"version-history":[{"count":31,"href":"http:\/\/information-crise-sanitaire.ricod.net\/index.php\/wp-json\/wp\/v2\/posts\/1520\/revisions"}],"predecessor-version":[{"id":1632,"href":"http:\/\/information-crise-sanitaire.ricod.net\/index.php\/wp-json\/wp\/v2\/posts\/1520\/revisions\/1632"}],"wp:featuredmedia":[{"embeddable":true,"href":"http:\/\/information-crise-sanitaire.ricod.net\/index.php\/wp-json\/wp\/v2\/media\/1345"}],"wp:attachment":[{"href":"http:\/\/information-crise-sanitaire.ricod.net\/index.php\/wp-json\/wp\/v2\/media?parent=1520"}],"wp:term":[{"taxonomy":"category","embeddable":true,"href":"http:\/\/information-crise-sanitaire.ricod.net\/index.php\/wp-json\/wp\/v2\/categories?post=1520"},{"taxonomy":"post_tag","embeddable":true,"href":"http:\/\/information-crise-sanitaire.ricod.net\/index.php\/wp-json\/wp\/v2\/tags?post=1520"}],"curies":[{"name":"wp","href":"https:\/\/api.w.org\/{rel}","templated":true}]}}