{"id":1608,"date":"2022-07-06T16:24:08","date_gmt":"2022-07-06T14:24:08","guid":{"rendered":"http:\/\/information-crise-sanitaire.ricod.net\/?p=1608"},"modified":"2022-07-06T19:17:58","modified_gmt":"2022-07-06T17:17:58","slug":"le-port-du-masque-en-exterieur-une-mesure-plus-facilement-appliquee-par-les-moins-de-27-ans","status":"publish","type":"post","link":"http:\/\/information-crise-sanitaire.ricod.net\/index.php\/2022\/07\/06\/le-port-du-masque-en-exterieur-une-mesure-plus-facilement-appliquee-par-les-moins-de-27-ans\/","title":{"rendered":"Le port du masque en ext\u00e9rieur, une mesure excessive."},"content":{"rendered":"\n<p>Pour une majorit\u00e9 des participants \u00e0 l\u2019enqu\u00eate (61%), le port du masque en ext\u00e9rieur a \u00e9t\u00e9 v\u00e9cu comme une mesure \u201cexcessive\u201d et ce quelque soit leur tranche d\u2019\u00e2ge. 29 % l\u2019ont&nbsp; v\u00e9cu n\u00e9anmoins comme \u201cn\u00e9cessaire\u201d et 10 % restent sans opinion.<\/p>\n\n\n\n<div class=\"wp-block-image\"><figure class=\"aligncenter size-full is-resized\"><img decoding=\"async\" loading=\"lazy\" src=\"http:\/\/information-crise-sanitaire.ricod.net\/wp-content\/uploads\/2022\/07\/Port-du-masque-du-masque-en-exte\u0301rieur.png\" alt=\"\" class=\"wp-image-1620\" width=\"472\" height=\"355\" srcset=\"http:\/\/information-crise-sanitaire.ricod.net\/wp-content\/uploads\/2022\/07\/Port-du-masque-du-masque-en-exte\u0301rieur.png 946w, http:\/\/information-crise-sanitaire.ricod.net\/wp-content\/uploads\/2022\/07\/Port-du-masque-du-masque-en-exte\u0301rieur-300x225.png 300w, http:\/\/information-crise-sanitaire.ricod.net\/wp-content\/uploads\/2022\/07\/Port-du-masque-du-masque-en-exte\u0301rieur-768x577.png 768w\" sizes=\"(max-width: 472px) 100vw, 472px\" \/><\/figure><\/div>\n\n\n\n<p>Une analyse par tranche d\u2019\u00e2ge montre un v\u00e9cu plus nuanc\u00e9. Si pour toutes tranches d&rsquo;\u00e2ges confondues, plus de la moiti\u00e9 soit 63% pour les plus de 27 ans et 62% pour les moins de 27 ans cette mesure a \u00e9t\u00e9 ressentie comme \u201cexcessive\u201d, seulement 16% des moins de 27 ans se prononcent sur le caract\u00e8re n\u00e9cessaire de la mesure contre 38% pour les plus de 27 ans. <\/p>\n\n\n\n<p>On remarque \u00e9galement que concernant les plus jeunes, une part importante soit 21% restent sans opinion sur le v\u00e9cu de cette mesure.\u00a0<\/p>\n\n\n\n<div class=\"wp-block-image\"><figure class=\"aligncenter is-resized\"><img decoding=\"async\" loading=\"lazy\" src=\"https:\/\/lh3.googleusercontent.com\/YsRbymHzOmiGb2aHJFGPEAlKaYRJTdoB78RSHMtPtclOAHrxQMCRTDNer-fv5G8zAoya3ZFUlQCsw8vwPd5zb0w27STGnKqTUUSSFxodmCdcoAPVKM3GnvWaUe4wu077s56tTu20WClkRJ58PCE\" alt=\"\" width=\"818\" height=\"327\"\/><\/figure><\/div>\n\n\n\n<p>A la question de la mise en application du port du masque en ext\u00e9rieur, 33% des plus de 27 ans jugent avoir appliqu\u00e9 facilement cette mesure, mais on voit que pour cette tranche d\u2019\u00e2ge cette mesure a \u00e9t\u00e9 plus majoritairement (35%) difficile \u00e0 appliquer m\u00eame s\u2019ils ont essay\u00e9 de la suivre. D\u2019ailleurs, 24 % des plus de 27 ans ont \u00e9galement soulign\u00e9 qu\u2019ils ont d\u00fb les adapter, seuls 8%\u00a0 s\u2019y sont oppos\u00e9s ou ont essay\u00e9 de la contourner.<\/p>\n\n\n\n<blockquote class=\"wp-block-quote is-style-default\"><p>Le masque en ext\u00e9rieur m&rsquo;a paru superflu en dehors des lieux de forte fr\u00e9quentation.<\/p><cite>Verbatim participant<\/cite><\/blockquote>\n\n\n\n<p>En revanche, chez les plus jeunes,  si presque la moiti\u00e9 (49%) d\u00e9clarent qu\u2019il leur a \u00e9t\u00e9 facile de porter le masque en ext\u00e9rieur, pour les 51% restants cette mesure  a \u00e9t\u00e9 difficile \u00e0 appliquer (18 %), a \u00e9t\u00e9 adapt\u00e9e (20%). On remarque \u00e9galement qu&rsquo;ils ont \u00e9t\u00e9 13% en opposition ou \u00e0 avoir essayer de contourner cette mesure soit une part plus importante que pour les plus de 27 ans.\u00a0 <\/p>\n\n\n\n<div class=\"wp-block-image\"><figure class=\"aligncenter is-resized\"><img decoding=\"async\" loading=\"lazy\" src=\"https:\/\/lh6.googleusercontent.com\/G-S2KWlBva-3CgmwZUJ_CdXMz7ycWQ8-qdH8MwHDNsihHRTuZ6g2wd-vvp2I2CN_0Lb51JhOT853vyRqPNUmIzic-HLriNiy5QAFowyT7KoJ7O-OisUVENJm44nYDClD1AbjrBQu_WopCTc6nFY\" alt=\"\" width=\"755\" height=\"284\"\/><\/figure><\/div>\n\n\n\n<p>Il ressort \u00e9galement que pour un certain nombre de participant que cette mesure a eu un impact sur le moral au quotidien.<\/p>\n\n\n\n<blockquote class=\"wp-block-quote is-style-default\"><p>Je ne trouvais pas forc\u00e9ment le port du masque en ext\u00e9rieur\u00a0n\u00e9cessaire et parfois excessif, cela avait un impact sur le moral. <\/p><cite><em>Verbatim participant<\/em><\/cite><\/blockquote>\n","protected":false},"excerpt":{"rendered":"<p>Pour une majorit\u00e9 des participants \u00e0 l\u2019enqu\u00eate (61%), le port du masque en ext\u00e9rieur a \u00e9t\u00e9 v\u00e9cu comme une mesure \u201cexcessive\u201d et ce quelque soit leur tranche d\u2019\u00e2ge. 29 % l\u2019ont&nbsp; v\u00e9cu n\u00e9anmoins comme \u201cn\u00e9cessaire\u201d et 10 % restent sans<\/p>\n","protected":false},"author":4,"featured_media":1631,"comment_status":"open","ping_status":"open","sticky":false,"template":"","format":"standard","meta":{"om_disable_all_campaigns":false,"_monsterinsights_skip_tracking":false,"_monsterinsights_sitenote_active":false,"_monsterinsights_sitenote_note":"","_monsterinsights_sitenote_category":0},"categories":[69,79],"tags":[],"_links":{"self":[{"href":"http:\/\/information-crise-sanitaire.ricod.net\/index.php\/wp-json\/wp\/v2\/posts\/1608"}],"collection":[{"href":"http:\/\/information-crise-sanitaire.ricod.net\/index.php\/wp-json\/wp\/v2\/posts"}],"about":[{"href":"http:\/\/information-crise-sanitaire.ricod.net\/index.php\/wp-json\/wp\/v2\/types\/post"}],"author":[{"embeddable":true,"href":"http:\/\/information-crise-sanitaire.ricod.net\/index.php\/wp-json\/wp\/v2\/users\/4"}],"replies":[{"embeddable":true,"href":"http:\/\/information-crise-sanitaire.ricod.net\/index.php\/wp-json\/wp\/v2\/comments?post=1608"}],"version-history":[{"count":8,"href":"http:\/\/information-crise-sanitaire.ricod.net\/index.php\/wp-json\/wp\/v2\/posts\/1608\/revisions"}],"predecessor-version":[{"id":1630,"href":"http:\/\/information-crise-sanitaire.ricod.net\/index.php\/wp-json\/wp\/v2\/posts\/1608\/revisions\/1630"}],"wp:featuredmedia":[{"embeddable":true,"href":"http:\/\/information-crise-sanitaire.ricod.net\/index.php\/wp-json\/wp\/v2\/media\/1631"}],"wp:attachment":[{"href":"http:\/\/information-crise-sanitaire.ricod.net\/index.php\/wp-json\/wp\/v2\/media?parent=1608"}],"wp:term":[{"taxonomy":"category","embeddable":true,"href":"http:\/\/information-crise-sanitaire.ricod.net\/index.php\/wp-json\/wp\/v2\/categories?post=1608"},{"taxonomy":"post_tag","embeddable":true,"href":"http:\/\/information-crise-sanitaire.ricod.net\/index.php\/wp-json\/wp\/v2\/tags?post=1608"}],"curies":[{"name":"wp","href":"https:\/\/api.w.org\/{rel}","templated":true}]}}