{"id":1614,"date":"2022-07-06T16:20:52","date_gmt":"2022-07-06T14:20:52","guid":{"rendered":"http:\/\/information-crise-sanitaire.ricod.net\/?p=1614"},"modified":"2022-07-11T10:41:25","modified_gmt":"2022-07-11T08:41:25","slug":"quand-lincoherence-des-mesures-sanitaires-les-rends-inapplicables","status":"publish","type":"post","link":"http:\/\/information-crise-sanitaire.ricod.net\/index.php\/2022\/07\/06\/quand-lincoherence-des-mesures-sanitaires-les-rends-inapplicables\/","title":{"rendered":"Quand l\u2019incoh\u00e9rence des mesures sanitaires les rend inapplicables."},"content":{"rendered":"\n<p>Plus de la moiti\u00e9 (53%) des participants ont trouv\u00e9 que les mesures sanitaires \u00e9taient \u201cincoh\u00e9rentes\u201d et par cons\u00e9quent qu\u2019elles n\u2019\u00e9taient pas toujours facilement applicables. <\/p>\n\n\n\n<p>Seuls 13% des participants ont pens\u00e9 que les mesures sanitaires \u00e9taient \u201ctout \u00e0 fait&nbsp; adapt\u00e9es\u201d \u00e0 la situation et&nbsp;9% qu\u2019elles n\u2019ont pas \u00e9t\u00e9 suffisamment fermes.<\/p>\n\n\n\n<blockquote class=\"wp-block-quote is-style-default\"><p>Je n&rsquo;ai aucun mal \u00e0 appliquer une mesure si cette derni\u00e8re est r\u00e9ellement pertinente face au danger, mais dans le cas de cette crise sanitaire, les mesures prises par le gouvernement ont \u00e9t\u00e9 profond\u00e9ment liberticide d&rsquo;une part et d&rsquo;autre part incroyablement stupides pour certaines, comme pour interdiction de prendre son caf\u00e9 debout.<\/p><cite>Verbatim participant<\/cite><\/blockquote>\n\n\n\n<blockquote class=\"wp-block-quote is-style-default\"><p>Les d\u00e9cisions semblaient absurdes ou infond\u00e9es. En quoi un couvre-feu ou obliger les gens \u00e0 rester assis au restaurant pourrait ralentir l&rsquo;\u00e9pid\u00e9mie ? Je pense que les mesures n&rsquo;\u00e9taient pas assez r\u00e9fl\u00e9chies et trop superficielles, et que cela ne donnait pas de motivation \u00e0 le suivre.<\/p><cite>Verbatim participan<\/cite><\/blockquote>\n\n\n\n<p>L&rsquo;incoh\u00e9rence des mesures sanitaires soulign\u00e9e par les participants montrent que dans un un certain nombre de cas, elles \u00e9taient difficilement applicables dans le quotidien, voire qu\u2019elles contraignaient les citoyens \u00e0 les d\u00e9tourner de leur prescription initiale pour pouvoir les appliquer de fa\u00e7on coh\u00e9rente en situation dans leur quotidien :<\/p>\n\n\n\n<blockquote class=\"wp-block-quote is-style-default\"><p>Le masque fait de la bu\u00e9e sur les lunettes et il m&rsquo;arrive de le porter un peu plus bas.<\/p><cite>Verbatim participant<\/cite><\/blockquote>\n\n\n\n<blockquote class=\"wp-block-quote is-style-default\"><p>&nbsp;A la fin de la pand\u00e9mie, quand on avait encore besoin d\u2019une attestation pour sortir, je disais que j&rsquo;allais courir et finalement j&rsquo;allais retrouver des amis. <\/p><cite>Verbatim participant<\/cite><\/blockquote>\n\n\n\n<p>Une analyse crois\u00e9e avec les personnes ayant contract\u00e9 le covid, montre que l\u2019incoh\u00e9rence des mesures sanitaires a \u00e9t\u00e9 v\u00e9cue de mani\u00e8re nettement plus prononc\u00e9e que les personnes n\u2019ayant pas \u00e9t\u00e9 malades. Ces derni\u00e8res d\u00e9clarent que les mesures n\u2019ont pas \u00e9t\u00e9 suffisamment fermes \u00e0 18%, alors que seulement 8 % des personnes ayant \u00e9t\u00e9 malades pensent cela. Cela peut s\u2019expliquer par l\u2019impact des mesures sanitaires sur le v\u00e9cu de la maladie qui a, pour certaines personnes, engendr\u00e9 une d\u00e9sorganisation et une gestion des \u201c\u00e0 c\u00f4t\u00e9\u201d plus difficile que la maladie en elle-m\u00eame.<\/p>\n","protected":false},"excerpt":{"rendered":"<p>Plus de la moiti\u00e9 (53%) des participants ont trouv\u00e9 que les mesures sanitaires \u00e9taient \u201cincoh\u00e9rentes\u201d et par cons\u00e9quent qu\u2019elles n\u2019\u00e9taient pas toujours facilement applicables. Seuls 13% des participants ont pens\u00e9 que les mesures sanitaires \u00e9taient \u201ctout \u00e0 fait&nbsp; adapt\u00e9es\u201d \u00e0<\/p>\n","protected":false},"author":4,"featured_media":1616,"comment_status":"open","ping_status":"open","sticky":false,"template":"","format":"standard","meta":{"om_disable_all_campaigns":false,"_monsterinsights_skip_tracking":false,"_monsterinsights_sitenote_active":false,"_monsterinsights_sitenote_note":"","_monsterinsights_sitenote_category":0},"categories":[69,79],"tags":[],"_links":{"self":[{"href":"http:\/\/information-crise-sanitaire.ricod.net\/index.php\/wp-json\/wp\/v2\/posts\/1614"}],"collection":[{"href":"http:\/\/information-crise-sanitaire.ricod.net\/index.php\/wp-json\/wp\/v2\/posts"}],"about":[{"href":"http:\/\/information-crise-sanitaire.ricod.net\/index.php\/wp-json\/wp\/v2\/types\/post"}],"author":[{"embeddable":true,"href":"http:\/\/information-crise-sanitaire.ricod.net\/index.php\/wp-json\/wp\/v2\/users\/4"}],"replies":[{"embeddable":true,"href":"http:\/\/information-crise-sanitaire.ricod.net\/index.php\/wp-json\/wp\/v2\/comments?post=1614"}],"version-history":[{"count":6,"href":"http:\/\/information-crise-sanitaire.ricod.net\/index.php\/wp-json\/wp\/v2\/posts\/1614\/revisions"}],"predecessor-version":[{"id":1678,"href":"http:\/\/information-crise-sanitaire.ricod.net\/index.php\/wp-json\/wp\/v2\/posts\/1614\/revisions\/1678"}],"wp:featuredmedia":[{"embeddable":true,"href":"http:\/\/information-crise-sanitaire.ricod.net\/index.php\/wp-json\/wp\/v2\/media\/1616"}],"wp:attachment":[{"href":"http:\/\/information-crise-sanitaire.ricod.net\/index.php\/wp-json\/wp\/v2\/media?parent=1614"}],"wp:term":[{"taxonomy":"category","embeddable":true,"href":"http:\/\/information-crise-sanitaire.ricod.net\/index.php\/wp-json\/wp\/v2\/categories?post=1614"},{"taxonomy":"post_tag","embeddable":true,"href":"http:\/\/information-crise-sanitaire.ricod.net\/index.php\/wp-json\/wp\/v2\/tags?post=1614"}],"curies":[{"name":"wp","href":"https:\/\/api.w.org\/{rel}","templated":true}]}}