{"id":1649,"date":"2022-07-11T09:33:06","date_gmt":"2022-07-11T07:33:06","guid":{"rendered":"http:\/\/information-crise-sanitaire.ricod.net\/?p=1649"},"modified":"2022-07-11T10:40:16","modified_gmt":"2022-07-11T08:40:16","slug":"lincidence-de-lenseignement-a-distance-et-du-teletravail-sur-la-qualite-du-travail-et-lattention","status":"publish","type":"post","link":"http:\/\/information-crise-sanitaire.ricod.net\/index.php\/2022\/07\/11\/lincidence-de-lenseignement-a-distance-et-du-teletravail-sur-la-qualite-du-travail-et-lattention\/","title":{"rendered":"Qualit\u00e9 du travail et attention alt\u00e9r\u00e9es par l&rsquo;enseignement \u00e0 distance et du t\u00e9l\u00e9travail."},"content":{"rendered":"\n<p>La mise en place des&nbsp; cours \u00e0 distance est jug\u00e9 n\u00e9cessaire par 79% des participants des r\u00e9pondants.&nbsp;<\/p>\n\n\n\n<div class=\"wp-block-image\"><figure class=\"aligncenter is-resized\"><img decoding=\"async\" loading=\"lazy\" src=\"https:\/\/lh3.googleusercontent.com\/RrYrlojIWCUhfdXdGoQCJ4XOkGoI5D2i4oPKRcF4OgE9xqHRMqInKDr2hAnYkEqZdBKOvDy69UA7SfOpszaQHfW-GEmITryHGG5D3suAkeo-j3BWJVPgQ5_YbM7dB1P9rjGy5RAGrDXjV8_eMyE\" alt=\"\" width=\"340\" height=\"265\"\/><\/figure><\/div>\n\n\n\n<p>La part des r\u00e9pondants ayant&nbsp; jug\u00e9 la mise en place des cours \u00e0 distance excessive est plus forte que chez les plus de 27 ans pour 19% contre 8% chez les moins de 27 ans. L\u2019application de cette mesure a \u00e9t\u00e9 plus facile pour les plus jeunes puisqu\u2019ils sont 56% \u00e0 d\u00e9clarer ne pas avoir eu de probl\u00e8me \u00e0 appliquer cette mesure alors que les plus de 27 ans eux, d\u00e9clarent \u00e0 46 % avoir appliqu\u00e9 cette mesure difficilement mais en essayant de la suivre.<\/p>\n\n\n\n<div class=\"wp-block-image\"><figure class=\"aligncenter is-resized\"><img decoding=\"async\" loading=\"lazy\" src=\"https:\/\/lh6.googleusercontent.com\/D-SCAj5EdTftFzuR7jiPxCEfItZHjUN7_eUk8FmRsjio389DcFuudbfjVW9aiRvqSxlI-m5DQKKIyIA3bo0d8jUhFvBoJTlxw6C7UZfZUPkSyXm8yBxqMmayLCVyowGzaUs0w3EA-pnnuld2gIk\" alt=\"\" width=\"635\" height=\"249\"\/><\/figure><\/div>\n\n\n\n<p>L&rsquo;analyse des verbatims recueillis par questionnaire ont permis de relever que plusieurs participants faisaient \u00e9tat de leurs difficult\u00e9s face \u00e0 ses mesures qui avaient sur la dur\u00e9e<\/p>\n\n\n\n<blockquote class=\"wp-block-quote is-style-default\"><p>Les  cours \u00e0 distance m&rsquo;ont fait perdre en partie toute l&rsquo;attention que j&rsquo;avais gr\u00e2ce au pr\u00e9sentiel. <\/p><cite>Verbatim participant<\/cite><\/blockquote>\n\n\n\n<p>Le t\u00e9l\u00e9travail est une mesure jug\u00e9e majoritairement n\u00e9cessaire pour 86% des r\u00e9pondants et facile \u00e0 appliquer pour 65 %.<\/p>\n\n\n\n<div class=\"wp-block-image\"><figure class=\"aligncenter\"><img decoding=\"async\" src=\"https:\/\/lh6.googleusercontent.com\/IEZyr-I5p7rUydWJ2yr8ASVrScIqAM3InjFj-KZoWQWgGk1TWsfanrVWfTEIfmNASxJSe5iG8DKyp3thIBkzV_w948mMgyu_iW7nWpzCbkgW1fBiRmro8Xt4PR0zzemYEpLkOXQ0QLTtnjkt_A\" alt=\"\"\/><\/figure><\/div>\n\n\n\n<p>ll n\u2019y a pas de diff\u00e9rence notoire entre les moins jeunes et les plus jeunes pour cette mesure, mais son application montre n\u00e9anmoins qu\u2019elle a \u00e9t\u00e9 parfois difficilement applicable (17%).<\/p>\n\n\n\n<div class=\"wp-block-image\"><figure class=\"aligncenter\"><img decoding=\"async\" src=\"https:\/\/lh3.googleusercontent.com\/u2FAQF_EURYrhvSWuud0IcqCYUNyTFP8YTRfccIFB2zc5PJXd_9y6es_jxX1u72IGzX1Vj2rZSdS9jbax6-nMsmb80FVpaCntyJsXm7Lq9qh9SLuIyxGJecYomgVumhT7IWyWnYyYUvII4Wdug\" alt=\"\"\/><\/figure><\/div>\n\n\n\n<p>N\u00e9anmoins on peut constater que pour certaines personnes des difficult\u00e9s se sont fait ressentir, notamment sur la concentration et la qualit\u00e9 de travail qui ont&nbsp;alt\u00e9r\u00e9 la qualit\u00e9 de leur travail, notamment comme l&rsquo;\u00e9voque certains participants, ils \u00e9taient seuls et ne pouvaient \u00e9changer avec leurs collaborateurs comme ils le souhaitaient.<\/p>\n\n\n\n<blockquote class=\"wp-block-quote is-style-default\"><p>A force d&rsquo;\u00eatre en t\u00e9l\u00e9travail, J&rsquo;ai ressenti une forte alt\u00e9ration de ma concentration, de la qualit\u00e9 de mon travail et de mon bien-\u00eatre psychique. <\/p><cite>Verbatim participant<\/cite><\/blockquote>\n\n\n\n<p>D&rsquo;autres difficult\u00e9s sont \u00e9voqu\u00e9, en particulier pour certaines professions telles que celles d&rsquo;enseignant. En effet, le nombre d&rsquo;heures en t\u00e9l\u00e9travail par jour \u00e9tait tr\u00e8s soutenu et dans des conditions parfois difficiles. <\/p>\n\n\n\n<blockquote class=\"wp-block-quote is-style-default\"><p>Je suis enseignante, et parfois je passais 7h par jour sur les \u00e9crans, \u00e0 parler \u00e0 des \u00e9crans noirs car les \u00e9l\u00e8ves ne se sentaient pas de mettre leur cam\u00e9ra. Sur la dur\u00e9e, c&rsquo;\u00e9tait assez ali\u00e9nant de parler \u00e0 des \u00e9crans noirs.<\/p><cite>Verbatim participant<\/cite><\/blockquote>\n\n\n\n<p>Une autre difficult\u00e9 souvent \u00e9nonc\u00e9e est celle de la pr\u00e9sence des enfants en garde au moment du 1er confinement.<\/p>\n\n\n\n<blockquote class=\"wp-block-quote is-style-default\"><p>Il \u00e9tait tr\u00e8s difficile de s&rsquo;occuper des enfants, de leur faire cours et de travailler en m\u00eame temps. J&rsquo;avais des journ\u00e9es double avec la sensation de rien avoir fait de bien.<\/p><cite>Verbatim participant<\/cite><\/blockquote>\n","protected":false},"excerpt":{"rendered":"<p>La mise en place des&nbsp; cours \u00e0 distance est jug\u00e9 n\u00e9cessaire par 79% des participants des r\u00e9pondants.&nbsp; La part des r\u00e9pondants ayant&nbsp; jug\u00e9 la mise en place des cours \u00e0 distance excessive est plus forte que chez les plus de<\/p>\n","protected":false},"author":4,"featured_media":1651,"comment_status":"open","ping_status":"open","sticky":false,"template":"","format":"standard","meta":{"om_disable_all_campaigns":false,"_monsterinsights_skip_tracking":false,"_monsterinsights_sitenote_active":false,"_monsterinsights_sitenote_note":"","_monsterinsights_sitenote_category":0},"categories":[69,79],"tags":[],"_links":{"self":[{"href":"http:\/\/information-crise-sanitaire.ricod.net\/index.php\/wp-json\/wp\/v2\/posts\/1649"}],"collection":[{"href":"http:\/\/information-crise-sanitaire.ricod.net\/index.php\/wp-json\/wp\/v2\/posts"}],"about":[{"href":"http:\/\/information-crise-sanitaire.ricod.net\/index.php\/wp-json\/wp\/v2\/types\/post"}],"author":[{"embeddable":true,"href":"http:\/\/information-crise-sanitaire.ricod.net\/index.php\/wp-json\/wp\/v2\/users\/4"}],"replies":[{"embeddable":true,"href":"http:\/\/information-crise-sanitaire.ricod.net\/index.php\/wp-json\/wp\/v2\/comments?post=1649"}],"version-history":[{"count":6,"href":"http:\/\/information-crise-sanitaire.ricod.net\/index.php\/wp-json\/wp\/v2\/posts\/1649\/revisions"}],"predecessor-version":[{"id":1676,"href":"http:\/\/information-crise-sanitaire.ricod.net\/index.php\/wp-json\/wp\/v2\/posts\/1649\/revisions\/1676"}],"wp:featuredmedia":[{"embeddable":true,"href":"http:\/\/information-crise-sanitaire.ricod.net\/index.php\/wp-json\/wp\/v2\/media\/1651"}],"wp:attachment":[{"href":"http:\/\/information-crise-sanitaire.ricod.net\/index.php\/wp-json\/wp\/v2\/media?parent=1649"}],"wp:term":[{"taxonomy":"category","embeddable":true,"href":"http:\/\/information-crise-sanitaire.ricod.net\/index.php\/wp-json\/wp\/v2\/categories?post=1649"},{"taxonomy":"post_tag","embeddable":true,"href":"http:\/\/information-crise-sanitaire.ricod.net\/index.php\/wp-json\/wp\/v2\/tags?post=1649"}],"curies":[{"name":"wp","href":"https:\/\/api.w.org\/{rel}","templated":true}]}}