{"id":1660,"date":"2022-07-11T10:04:17","date_gmt":"2022-07-11T08:04:17","guid":{"rendered":"http:\/\/information-crise-sanitaire.ricod.net\/?p=1660"},"modified":"2022-07-11T10:09:02","modified_gmt":"2022-07-11T08:09:02","slug":"passes-sanitaire-et-vaccinal-une-opposition-plus-forte-chez-les-plus-de-27-ans","status":"publish","type":"post","link":"http:\/\/information-crise-sanitaire.ricod.net\/index.php\/2022\/07\/11\/passes-sanitaire-et-vaccinal-une-opposition-plus-forte-chez-les-plus-de-27-ans\/","title":{"rendered":"Passes \u201csanitaire\u201d et \u201cvaccinal\u201d : une opposition plus forte chez les plus de 27 ans"},"content":{"rendered":"\n<p><strong>Passe sani<\/strong>t<strong>aire<\/strong><\/p>\n\n\n\n<p>Pour rappel, \u201cLe passe sanitaire consiste en la pr\u00e9sentation, num\u00e9rique (via l&rsquo;application TousAntiCovid) ou papier, d&rsquo;une preuve sanitaire, parmi les trois suivantes : la vaccination, la preuve d\u2019un test n\u00e9gatif, le r\u00e9sultat d\u2019un test PCR ou antig\u00e9nique positif.\u201d <a href=\"https:\/\/www.gouvernement.fr\">https:\/\/www.gouvernement.fr<\/a><\/p>\n\n\n\n<div class=\"wp-block-image\"><figure class=\"aligncenter is-resized\"><img decoding=\"async\" loading=\"lazy\" src=\"https:\/\/lh4.googleusercontent.com\/eFtAEPl0Gtb20JITjEtW9KS6r4N6g5TKVyUoW-imsg8tLpOeCJfjnkdilfCcLl2Q-7tyicSedRYoX5Fwc3J6gx6SgtsC7Ly0nQ8LOk7dtIQPKtrtVmmS6Zb3zuOzcNE6LkRWT5xGbX4u-Xtdeg\" alt=\"\" width=\"-62\" height=\"-46\"\/><\/figure><\/div>\n\n\n\n<p>Globalement, le passe sanitaire a \u00e9t\u00e9 v\u00e9cu comme une mesure n\u00e9cessaire mais si l\u2019on compare les r\u00e9ponses par tranche d\u2019\u00e2ge en prenant l\u2019\u00e2ge m\u00e9dian de 27 ans, les plus de 27 ans d\u00e9clarent que cette mesure a \u00e9t\u00e9 excessive \u00e0 49% pour 33% pour les moins de 27 ans.&nbsp;<\/p>\n\n\n\n<div class=\"wp-block-image\"><figure class=\"aligncenter is-resized\"><img decoding=\"async\" loading=\"lazy\" src=\"https:\/\/lh4.googleusercontent.com\/BoShZQf5tc4H6xqigRMevvWAhsssyWQ4f8tGmXvLSSkVYM4cNm3syAPKOs2B6sx-cs5oWunFVnHH6DeGK0daSAprbygOVO9QHE1Q61kn8YnKSssfOnllWH_Pq9rCuJBOrVnnkCzg58Poklsk6gc\" alt=\"\" width=\"722\" height=\"286\"\/><\/figure><\/div>\n\n\n\n<p>La moiti\u00e9 des participants d\u00e9clarent avoir appliqu\u00e9 cette mesure facilement. Cependant, pour un tiers des r\u00e9pondants, cette mesure a \u00e9t\u00e9 difficile \u00e0 appliquer m\u00eame s\u2019ils ont essay\u00e9 de la suivre. Plus de la moiti\u00e9 des participants de moins de 27 ans (59%) d\u00e9clarent ne pas avoir eu de difficult\u00e9 \u00e0 appliquer cette mesure pour 41% des plus de 27 ans qui sont en revanche plus nombreux (13%) \u00e0 avoir d\u00e9clar\u00e9 qu\u2019ils avaient adapt\u00e9 cette mesure alors que seulement 5% des moins de 27 ans&nbsp; font cette m\u00eame d\u00e9claration.<\/p>\n\n\n\n<div class=\"wp-block-image\"><figure class=\"aligncenter is-resized\"><img decoding=\"async\" loading=\"lazy\" src=\"https:\/\/lh4.googleusercontent.com\/oVN2TcfX23a9Qojqa8fhvO4iHZlhgqGHjhRqpCWtG-XSJ0OaB4Eb1aR2M7lmAY3Is58PM0qXAeKezcr9DYiXIUcm9wijnIa0T0eZUSsFIalnmESJqy7V3UJzPhOn1AQNBMw1UPpqljID2-3Pq7o\" alt=\"\" width=\"434\" height=\"268\"\/><\/figure><\/div>\n\n\n\n<div class=\"wp-block-image\"><figure class=\"aligncenter is-resized\"><img decoding=\"async\" loading=\"lazy\" src=\"https:\/\/lh5.googleusercontent.com\/6idhNziq8FDoclDsLrj_db-WBImDvMNbSUgE1x304Ut3TDctuRqgZHMTBh5PxGPAwYb4iopHUcqVvNhCvA-GkmkimUZYB8OgzI2XzAko0CGVkZF5_TiO8FLlqGSdlfQGNnkvrl7gIQtLn-TSNnM\" alt=\"\" width=\"672\" height=\"266\"\/><\/figure><\/div>\n\n\n\n<p><strong>Passe vaccinal<\/strong><\/p>\n\n\n\n<p>Pour rappel, \u201cLe passe vaccinal consiste \u00e0 pr\u00e9senter num\u00e9riquement (via l&rsquo;application TousAntiCovid) ou en format papier, une preuve de sch\u00e9ma vaccinal complet. Un certificat de r\u00e9tablissement valide ou un certificat de contre-indication \u00e0 la vaccination permettent aussi de valider le pass. Toutefois, la seule preuve d\u2019un test n\u00e9gatif est exclusivement valable pour les mineurs \u00e2g\u00e9s de 12 \u00e0 15 ans, pour lesquels le pass sanitaire demeure.\u201d<a href=\"https:\/\/www.gouvernement.fr\">https:\/\/www.gouvernement.fr<\/a><\/p>\n\n\n\n<p>Alors que le passe sanitaire a \u00e9t\u00e9 v\u00e9cu comme une mesure n\u00e9cessaire, le passe vaccinal lui a \u00e9t\u00e9 v\u00e9cu comme une mesure plus excessive par 58% des participants. Si l\u2019application de cette mesure a \u00e9t\u00e9 facile \u00e0 appliquer pour 42% des r\u00e9pondants, pour le reste des participants, elle a \u00e9t\u00e9 soit difficile \u00e0 appliquer m\u00eame s\u2018ils ont essay\u00e9 de la suivre (32%), soit adapt\u00e9e (9%) ou encore refus\u00e9e et contourn\u00e9e (9%).&nbsp;<\/p>\n\n\n\n<div class=\"wp-block-image\"><figure class=\"aligncenter\"><img decoding=\"async\" src=\"https:\/\/lh6.googleusercontent.com\/SFGHdrO7jeXYOxygV4DX5tiwrpMNKuahuBbW5vRmNEYf2yLINW92OReNncr2xBFke88te3E8bsPGodjeQdMHfSy1nAk8DwQ-DQvT_nMKAWUJCsJRlMqrykACAkmo66c9OKkN9qnaxgLhY5Kbcg\" alt=\"\"\/><\/figure><\/div>\n\n\n\n<div class=\"wp-block-image\"><figure class=\"aligncenter\"><img decoding=\"async\" src=\"https:\/\/lh4.googleusercontent.com\/CdxhZj6DCaMGqMAq4Ca4CeDPYxHybWzOO5uEWYEB1GZW7w2IiEr0Jt-TzQU54OuDba-4qcqWpRocYlmNNushEkp5uDpgx5WB_Ds3JbZYYtWM--foLNmowfDhcbGakv4RCas9U_re0E0huaSPXQ\" alt=\"\"\/><\/figure><\/div>\n\n\n\n<p>Chez les moins de 27 ans, on voit une majorit\u00e9 de participants (54%) \u00e0 avoir appliqu\u00e9 cette mesure facilement, ce qui n\u2019est pas le cas chez les plus de 27 ans qui ne sont que 38% \u00e0 faire cette d\u00e9claration. Ces derniers ont d\u2019ailleurs \u00e9t\u00e9 plus nombreux \u00e0 s\u2019opposer au passe vaccinal (11% contre 5%).<\/p>\n\n\n\n<div class=\"wp-block-image\"><figure class=\"aligncenter is-resized\"><img decoding=\"async\" loading=\"lazy\" src=\"https:\/\/lh5.googleusercontent.com\/k8faWFPb1weIvIuXJSgnXfLbCk0EBgSZt7NS04fR8nEJ129Q7scCgjG9YjoUKn7xKT3ILJix3pnyEyBf-ZbWatpCiKGRqyb_8K-h0u1BqcKhSYLPwUiwFCbAzxgBv0qQPy_eztprDW3HhLUL67E\" alt=\"\" width=\"785\" height=\"306\"\/><\/figure><\/div>\n","protected":false},"excerpt":{"rendered":"<p>Passe sanitaire Pour rappel, \u201cLe passe sanitaire consiste en la pr\u00e9sentation, num\u00e9rique (via l&rsquo;application TousAntiCovid) ou papier, d&rsquo;une preuve sanitaire, parmi les trois suivantes : la vaccination, la preuve d\u2019un test n\u00e9gatif, le r\u00e9sultat d\u2019un test PCR ou antig\u00e9nique positif.\u201d<\/p>\n","protected":false},"author":4,"featured_media":1663,"comment_status":"open","ping_status":"open","sticky":false,"template":"","format":"standard","meta":{"om_disable_all_campaigns":false,"_monsterinsights_skip_tracking":false,"_monsterinsights_sitenote_active":false,"_monsterinsights_sitenote_note":"","_monsterinsights_sitenote_category":0},"categories":[69,79],"tags":[],"_links":{"self":[{"href":"http:\/\/information-crise-sanitaire.ricod.net\/index.php\/wp-json\/wp\/v2\/posts\/1660"}],"collection":[{"href":"http:\/\/information-crise-sanitaire.ricod.net\/index.php\/wp-json\/wp\/v2\/posts"}],"about":[{"href":"http:\/\/information-crise-sanitaire.ricod.net\/index.php\/wp-json\/wp\/v2\/types\/post"}],"author":[{"embeddable":true,"href":"http:\/\/information-crise-sanitaire.ricod.net\/index.php\/wp-json\/wp\/v2\/users\/4"}],"replies":[{"embeddable":true,"href":"http:\/\/information-crise-sanitaire.ricod.net\/index.php\/wp-json\/wp\/v2\/comments?post=1660"}],"version-history":[{"count":2,"href":"http:\/\/information-crise-sanitaire.ricod.net\/index.php\/wp-json\/wp\/v2\/posts\/1660\/revisions"}],"predecessor-version":[{"id":1935,"href":"http:\/\/information-crise-sanitaire.ricod.net\/index.php\/wp-json\/wp\/v2\/posts\/1660\/revisions\/1935"}],"wp:featuredmedia":[{"embeddable":true,"href":"http:\/\/information-crise-sanitaire.ricod.net\/index.php\/wp-json\/wp\/v2\/media\/1663"}],"wp:attachment":[{"href":"http:\/\/information-crise-sanitaire.ricod.net\/index.php\/wp-json\/wp\/v2\/media?parent=1660"}],"wp:term":[{"taxonomy":"category","embeddable":true,"href":"http:\/\/information-crise-sanitaire.ricod.net\/index.php\/wp-json\/wp\/v2\/categories?post=1660"},{"taxonomy":"post_tag","embeddable":true,"href":"http:\/\/information-crise-sanitaire.ricod.net\/index.php\/wp-json\/wp\/v2\/tags?post=1660"}],"curies":[{"name":"wp","href":"https:\/\/api.w.org\/{rel}","templated":true}]}}