{"id":1722,"date":"2022-07-11T11:32:24","date_gmt":"2022-07-11T09:32:24","guid":{"rendered":"http:\/\/information-crise-sanitaire.ricod.net\/?p=1722"},"modified":"2022-07-11T11:32:26","modified_gmt":"2022-07-11T09:32:26","slug":"une-action-des-pouvoirs-politiques-peu-convaincante","status":"publish","type":"post","link":"http:\/\/information-crise-sanitaire.ricod.net\/index.php\/2022\/07\/11\/une-action-des-pouvoirs-politiques-peu-convaincante\/","title":{"rendered":"Une action des pouvoirs politiques peu convaincante."},"content":{"rendered":"\n<p>La majorit\u00e9 des participants (62%) pensent que les pouvoirs politiques ont fait face \u00e0 la crise sanitaire, mais pas toujours de mani\u00e8re tr\u00e8s convaincante. Pr\u00e8s d\u2019un quart des participants (22%) pensent qu\u2019ils se sont surtout souci\u00e9s de leur image et des cons\u00e9quences \u00e9lectorales.\u00a0<\/p>\n\n\n\n<div class=\"wp-block-image\"><figure class=\"aligncenter is-resized\"><img decoding=\"async\" loading=\"lazy\" src=\"https:\/\/lh5.googleusercontent.com\/NDSUb6O86e87JnsXUX4M1_wQQJW4_Ite2yCsduX2lvc9cyG14dnhIrvp1XXNEOEBIncRUyVumL05HhFz8kGXW1IgEFe3RZXU37dmntM6CuxjAKfBaDKHE8T5BzduocZh-XqenEwW3N_R45pYbQ8\" alt=\"\" width=\"407\" height=\"407\"\/><\/figure><\/div>\n\n\n\n<p>C\u2019est surtout pour les plus de 27 ans, plus critique, que ce pourcentage est plus important, il atteint 30% alors qu\u2019il n\u2019est que de 14% chez les moins de 27 ans. Ces derniers sont plus nombreux \u00e0 estimer que les pouvoirs politiques font leur maximum pour prot\u00e9ger la population.<\/p>\n\n\n\n<div class=\"wp-block-image\"><figure class=\"aligncenter is-resized\"><img decoding=\"async\" loading=\"lazy\" src=\"https:\/\/lh6.googleusercontent.com\/Xirc_mDQCQ3eGaTtxYvxMa02gQxXLfRxRHZ8wmMiGah4TI9FBGmh0lAO5KUb6WExVfhVJsV3kZZMsKpz_EDkzD91lLNjsN8_tWP2e6GECmaae_yqcBK4VN1LxgVydZ7FlnLt4TXzKZkQjpcrk8o\" alt=\"\" width=\"687\" height=\"346\"\/><\/figure><\/div>\n","protected":false},"excerpt":{"rendered":"<p>La majorit\u00e9 des participants (62%) pensent que les pouvoirs politiques ont fait face \u00e0 la crise sanitaire, mais pas toujours de mani\u00e8re tr\u00e8s convaincante. Pr\u00e8s d\u2019un quart des participants (22%) pensent qu\u2019ils se sont surtout souci\u00e9s de leur image et<\/p>\n","protected":false},"author":4,"featured_media":1345,"comment_status":"open","ping_status":"open","sticky":false,"template":"","format":"standard","meta":{"om_disable_all_campaigns":false,"_monsterinsights_skip_tracking":false,"_monsterinsights_sitenote_active":false,"_monsterinsights_sitenote_note":"","_monsterinsights_sitenote_category":0},"categories":[30,79,71],"tags":[],"_links":{"self":[{"href":"http:\/\/information-crise-sanitaire.ricod.net\/index.php\/wp-json\/wp\/v2\/posts\/1722"}],"collection":[{"href":"http:\/\/information-crise-sanitaire.ricod.net\/index.php\/wp-json\/wp\/v2\/posts"}],"about":[{"href":"http:\/\/information-crise-sanitaire.ricod.net\/index.php\/wp-json\/wp\/v2\/types\/post"}],"author":[{"embeddable":true,"href":"http:\/\/information-crise-sanitaire.ricod.net\/index.php\/wp-json\/wp\/v2\/users\/4"}],"replies":[{"embeddable":true,"href":"http:\/\/information-crise-sanitaire.ricod.net\/index.php\/wp-json\/wp\/v2\/comments?post=1722"}],"version-history":[{"count":1,"href":"http:\/\/information-crise-sanitaire.ricod.net\/index.php\/wp-json\/wp\/v2\/posts\/1722\/revisions"}],"predecessor-version":[{"id":1723,"href":"http:\/\/information-crise-sanitaire.ricod.net\/index.php\/wp-json\/wp\/v2\/posts\/1722\/revisions\/1723"}],"wp:featuredmedia":[{"embeddable":true,"href":"http:\/\/information-crise-sanitaire.ricod.net\/index.php\/wp-json\/wp\/v2\/media\/1345"}],"wp:attachment":[{"href":"http:\/\/information-crise-sanitaire.ricod.net\/index.php\/wp-json\/wp\/v2\/media?parent=1722"}],"wp:term":[{"taxonomy":"category","embeddable":true,"href":"http:\/\/information-crise-sanitaire.ricod.net\/index.php\/wp-json\/wp\/v2\/categories?post=1722"},{"taxonomy":"post_tag","embeddable":true,"href":"http:\/\/information-crise-sanitaire.ricod.net\/index.php\/wp-json\/wp\/v2\/tags?post=1722"}],"curies":[{"name":"wp","href":"https:\/\/api.w.org\/{rel}","templated":true}]}}