{"id":1727,"date":"2022-07-11T12:06:51","date_gmt":"2022-07-11T10:06:51","guid":{"rendered":"http:\/\/information-crise-sanitaire.ricod.net\/?p=1727"},"modified":"2022-09-18T20:55:01","modified_gmt":"2022-09-18T18:55:01","slug":"la-sanction-plus-forte-que-ladhesion-aux-mesures-sanitaires","status":"publish","type":"post","link":"http:\/\/information-crise-sanitaire.ricod.net\/index.php\/2022\/07\/11\/la-sanction-plus-forte-que-ladhesion-aux-mesures-sanitaires\/","title":{"rendered":"L&rsquo;adh\u00e9sion aux mesures sanitaires par crainte des sanctions."},"content":{"rendered":"\n<p>Quand les mesures sanitaires sont suivies, elles le sont pour diff\u00e9rentes raisons.&nbsp;<\/p>\n\n\n\n<p>La premi\u00e8re raison invoqu\u00e9e par les participants est la tranquillit\u00e9 d\u2019esprit par rapport au risque d\u2019amende (38% des r\u00e9ponses). Ces participants n\u2019adh\u00e8rent pas sp\u00e9cialement aux mesures elles-m\u00eames. La seconde raison est d\u2019adh\u00e9sion \u00e0 la mesure qui semble justifi\u00e9e et n\u00e9cessaire (33%).<\/p>\n\n\n\n<div class=\"wp-block-image\"><figure class=\"aligncenter is-resized\"><img decoding=\"async\" loading=\"lazy\" src=\"https:\/\/lh6.googleusercontent.com\/oRdaYIcE88duAJDzyqb0gi7f_Ep8wfx_ZxTIF4YJcsYCW7Ic7xWmdLYJLIClJsUajJgLOu0F06gsTQCWJAoYdSoOh6bTegN_Q2AxC5uNLd4w1oTkwVo-uZhv59MrgaAE50ZNuA48J7MCHJVL-Ro\" alt=\"\" width=\"383\" height=\"287\"\/><\/figure><\/div>\n\n\n\n<p>Les plus de 27 ans (\u00e2ge m\u00e9dian) se d\u00e9marquent l\u00e9g\u00e8rement de ce classement. Pour cette tranche d\u2019\u00e2ge, la raison premi\u00e8re de suivre la plupart des mesures sanitaires est l\u2019adh\u00e9sion \u00e0 ces mesures. Tandis que les moins de 27 ans semblent plus sensibles aux sanctions encourues en cas de non-respect.<\/p>\n\n\n\n<div class=\"wp-block-image\"><figure class=\"aligncenter is-resized\"><img decoding=\"async\" loading=\"lazy\" src=\"https:\/\/lh5.googleusercontent.com\/SNOiSseydpUcVONcfWHc_5ebvDmaTkq8Hct8eF3eIXNMOEjyEt_8XdW5S0PLECI7eaTiLo0-yfJvG7Y4zNEHQ5076SxKwDGGynMSA3rdfxQNt_BciExLiqt_VXJM9VWW-iT5er0aYWLyRx5JW_8\" alt=\"\" width=\"732\" height=\"271\"\/><\/figure><\/div>\n\n\n\n<p><\/p>\n","protected":false},"excerpt":{"rendered":"<p>Quand les mesures sanitaires sont suivies, elles le sont pour diff\u00e9rentes raisons.&nbsp; La premi\u00e8re raison invoqu\u00e9e par les participants est la tranquillit\u00e9 d\u2019esprit par rapport au risque d\u2019amende (38% des r\u00e9ponses). Ces participants n\u2019adh\u00e8rent pas sp\u00e9cialement aux mesures elles-m\u00eames. La<\/p>\n","protected":false},"author":4,"featured_media":1728,"comment_status":"open","ping_status":"open","sticky":false,"template":"","format":"standard","meta":{"om_disable_all_campaigns":false,"_monsterinsights_skip_tracking":false,"_monsterinsights_sitenote_active":false,"_monsterinsights_sitenote_note":"","_monsterinsights_sitenote_category":0},"categories":[30,69,79],"tags":[],"_links":{"self":[{"href":"http:\/\/information-crise-sanitaire.ricod.net\/index.php\/wp-json\/wp\/v2\/posts\/1727"}],"collection":[{"href":"http:\/\/information-crise-sanitaire.ricod.net\/index.php\/wp-json\/wp\/v2\/posts"}],"about":[{"href":"http:\/\/information-crise-sanitaire.ricod.net\/index.php\/wp-json\/wp\/v2\/types\/post"}],"author":[{"embeddable":true,"href":"http:\/\/information-crise-sanitaire.ricod.net\/index.php\/wp-json\/wp\/v2\/users\/4"}],"replies":[{"embeddable":true,"href":"http:\/\/information-crise-sanitaire.ricod.net\/index.php\/wp-json\/wp\/v2\/comments?post=1727"}],"version-history":[{"count":4,"href":"http:\/\/information-crise-sanitaire.ricod.net\/index.php\/wp-json\/wp\/v2\/posts\/1727\/revisions"}],"predecessor-version":[{"id":1910,"href":"http:\/\/information-crise-sanitaire.ricod.net\/index.php\/wp-json\/wp\/v2\/posts\/1727\/revisions\/1910"}],"wp:featuredmedia":[{"embeddable":true,"href":"http:\/\/information-crise-sanitaire.ricod.net\/index.php\/wp-json\/wp\/v2\/media\/1728"}],"wp:attachment":[{"href":"http:\/\/information-crise-sanitaire.ricod.net\/index.php\/wp-json\/wp\/v2\/media?parent=1727"}],"wp:term":[{"taxonomy":"category","embeddable":true,"href":"http:\/\/information-crise-sanitaire.ricod.net\/index.php\/wp-json\/wp\/v2\/categories?post=1727"},{"taxonomy":"post_tag","embeddable":true,"href":"http:\/\/information-crise-sanitaire.ricod.net\/index.php\/wp-json\/wp\/v2\/tags?post=1727"}],"curies":[{"name":"wp","href":"https:\/\/api.w.org\/{rel}","templated":true}]}}