{"id":1730,"date":"2022-07-11T12:38:21","date_gmt":"2022-07-11T10:38:21","guid":{"rendered":"http:\/\/information-crise-sanitaire.ricod.net\/?p=1730"},"modified":"2022-11-30T20:54:21","modified_gmt":"2022-11-30T19:54:21","slug":"quand-les-mesures-sanitaires-generent-plus-de-peur-et-de-stress-que-la-maladie","status":"publish","type":"post","link":"http:\/\/information-crise-sanitaire.ricod.net\/index.php\/2022\/07\/11\/quand-les-mesures-sanitaires-generent-plus-de-peur-et-de-stress-que-la-maladie\/","title":{"rendered":"Quand les mesures sanitaires g\u00e9n\u00e8rent plus de peur que la maladie."},"content":{"rendered":"\n<p>Les documents justificatifs tels que l\u2019attestation de sortie ont g\u00e9n\u00e9r\u00e9 plus de peur que la maladie elle-m\u00eame.&nbsp;<\/p>\n\n\n\n<blockquote class=\"wp-block-quote is-style-default\"><p>La r\u00e8gle de l&rsquo;attestation \u00e9tait dure \u00e0 maintenir. D\u00e8s que je sortais, j&rsquo;\u00e9tais stress\u00e9 de revenir \u00e0 temps \u00e0 la maison. D\u00e8s que je voyais un policier, j&rsquo;avais l&rsquo;impression d&rsquo;avoir fait une erreur. Tout me rappelait cette r\u00e8gle et la possibilit\u00e9 pour moi de l&rsquo;enfreindre. J&rsquo;avais peur de devenir un hors la loi.<\/p><cite>Verbatim participant<\/cite><\/blockquote>\n\n\n\n<p>Sur la dur\u00e9e, cette une mesure a \u00e9t\u00e9 souvent contourn\u00e9e puisqu&rsquo;il \u00e9tait possible de g\u00e9n\u00e9rer plusieurs attestations par jour mais le fait de d\u00e9tourner ce document et de ne pas \u00eatre en r\u00e8gle vis \u00e0 vis de la loi a \u00e9galement g\u00e9n\u00e9r\u00e9 du stress \u00e0 chaque sortie. Les d\u00e9tournements de l&rsquo;attestation de sortie ont \u00e9t\u00e9 souvent effectu\u00e9s car les restrictions de sortie cr\u00e9ent un isolement insupportable pour certains.<\/p>\n\n\n\n<blockquote class=\"wp-block-quote is-style-default\"><p>Parfois lors du 1er confinement, je faisais une attestation juste pour sortir tellement il m\u2019\u00e9tait impossible de rester enferm\u00e9 apr\u00e8s une journ\u00e9e de t\u00e9l\u00e9travail, il \u00e9tait vital que je sorte prendre l\u2019air.<\/p><cite>Verbatim participant<\/cite><\/blockquote>\n\n\n\n<p>Pour les participants qui ont eu du mal \u00e0 appliquer les mesures sanitaires, le confinement est tr\u00e8s souvent cit\u00e9. Il a \u00e9t\u00e9 compliqu\u00e9 \u00e0 vivre car il a induit une solitude et un \u00e9loignement des personnes proches, que l\u2019on aime, de la famille. Si&nbsp; le&nbsp; premier confinement semble moins probl\u00e9matique, le deuxi\u00e8me lui, a \u00e9t\u00e9 contourn\u00e9 plus largement.&nbsp;<\/p>\n\n\n\n<blockquote class=\"wp-block-quote is-style-default\"><p>Je suis sortie pendant les couvre-feu et le confinement strict en faisant attention.<\/p><p>Sur les seconds confinements, je me faisais une attestation pour aller voir une amie, car vivant seule, je n\u2019en pouvais plus d\u2019\u00eatre seule. Pour autant, on faisait attention.<\/p><p>L&rsquo;attestation de sortie et le second confinement ne me semblaient pas des mesures importantes ou s\u00e9rieuses.<\/p><\/blockquote>\n\n\n\n<p>Le couvre feu a \u00e9t\u00e9 difficile \u00e0 appliquer et a \u00e9t\u00e9 \u00e9galement une source de stress notamment parce que certains participants travaillant devaient s\u2019empresser pour rentrer chez eux au risque de ne pouvoir pas respecter l\u2019horaire du couvre feu et d\u2019avoir un contr\u00f4le et une amende.&nbsp;<\/p>\n\n\n\n<blockquote class=\"wp-block-quote is-style-default\"><p>En sortant du travail je courais pour rentrer, trop peur d\u2019avoir une amende.<\/p><p>On avait toujours peur d&rsquo;\u00eatre contr\u00f4l\u00e9 comme si on \u00e9tait des criminels.<\/p><cite>Verbatim participant<\/cite><\/blockquote>\n\n\n\n<p>Au fil de la crise, le cumul des restrictions de sortie lassent les participants qui ont alors tendance \u00e0 ne plus vouloir suivre \u00e0 la lettre ces restrictions.&nbsp;<\/p>\n\n\n\n<blockquote class=\"wp-block-quote is-style-default\"><p>J&rsquo;avoue qu&rsquo;\u00e0 un moment j&rsquo;en ai eu marre et et&nbsp; je sortais avec mes amis dehors le soir. Je sortais en ne respectant pas le couvre feu de 20h.<\/p><p>Je ne faisais plus d\u2019attestation, je ne suivais plus le couvre feu, mais on ne faisait pas n\u2019importe quoi, on est responsable, on faisait ce qu\u2019on avait \u00e0 faire, voil\u00e0 tout.<\/p><cite>Verbatim participant<\/cite><\/blockquote>\n\n\n\n<p><\/p>\n\n\n\n<p><\/p>\n","protected":false},"excerpt":{"rendered":"<p>Les documents justificatifs tels que l\u2019attestation de sortie ont g\u00e9n\u00e9r\u00e9 plus de peur que la maladie elle-m\u00eame.&nbsp; La r\u00e8gle de l&rsquo;attestation \u00e9tait dure \u00e0 maintenir. D\u00e8s que je sortais, j&rsquo;\u00e9tais stress\u00e9 de revenir \u00e0 temps \u00e0 la maison. D\u00e8s que<\/p>\n","protected":false},"author":4,"featured_media":1346,"comment_status":"open","ping_status":"open","sticky":false,"template":"","format":"standard","meta":{"om_disable_all_campaigns":false,"_monsterinsights_skip_tracking":false,"_monsterinsights_sitenote_active":false,"_monsterinsights_sitenote_note":"","_monsterinsights_sitenote_category":0},"categories":[74,30,69,79],"tags":[],"_links":{"self":[{"href":"http:\/\/information-crise-sanitaire.ricod.net\/index.php\/wp-json\/wp\/v2\/posts\/1730"}],"collection":[{"href":"http:\/\/information-crise-sanitaire.ricod.net\/index.php\/wp-json\/wp\/v2\/posts"}],"about":[{"href":"http:\/\/information-crise-sanitaire.ricod.net\/index.php\/wp-json\/wp\/v2\/types\/post"}],"author":[{"embeddable":true,"href":"http:\/\/information-crise-sanitaire.ricod.net\/index.php\/wp-json\/wp\/v2\/users\/4"}],"replies":[{"embeddable":true,"href":"http:\/\/information-crise-sanitaire.ricod.net\/index.php\/wp-json\/wp\/v2\/comments?post=1730"}],"version-history":[{"count":3,"href":"http:\/\/information-crise-sanitaire.ricod.net\/index.php\/wp-json\/wp\/v2\/posts\/1730\/revisions"}],"predecessor-version":[{"id":1932,"href":"http:\/\/information-crise-sanitaire.ricod.net\/index.php\/wp-json\/wp\/v2\/posts\/1730\/revisions\/1932"}],"wp:featuredmedia":[{"embeddable":true,"href":"http:\/\/information-crise-sanitaire.ricod.net\/index.php\/wp-json\/wp\/v2\/media\/1346"}],"wp:attachment":[{"href":"http:\/\/information-crise-sanitaire.ricod.net\/index.php\/wp-json\/wp\/v2\/media?parent=1730"}],"wp:term":[{"taxonomy":"category","embeddable":true,"href":"http:\/\/information-crise-sanitaire.ricod.net\/index.php\/wp-json\/wp\/v2\/categories?post=1730"},{"taxonomy":"post_tag","embeddable":true,"href":"http:\/\/information-crise-sanitaire.ricod.net\/index.php\/wp-json\/wp\/v2\/tags?post=1730"}],"curies":[{"name":"wp","href":"https:\/\/api.w.org\/{rel}","templated":true}]}}