{"id":1797,"date":"2022-09-11T16:49:40","date_gmt":"2022-09-11T14:49:40","guid":{"rendered":"http:\/\/information-crise-sanitaire.ricod.net\/?p=1797"},"modified":"2022-11-30T21:39:24","modified_gmt":"2022-11-30T20:39:24","slug":"atelier-2-representation-visuelle-des-facteurs-sanitaires-dacceptabilite","status":"publish","type":"post","link":"http:\/\/information-crise-sanitaire.ricod.net\/index.php\/2022\/09\/11\/atelier-2-representation-visuelle-des-facteurs-sanitaires-dacceptabilite\/","title":{"rendered":"Atelier participatif &#8211; Repr\u00e9sentation graphique des facteurs d&rsquo;acceptabilit\u00e9"},"content":{"rendered":"\n<h4>Objectif : <\/h4>\n\n\n\n<p>Le groupe a parcouru les verbatims pour approfondir la compr\u00e9hension des r\u00e9sultats de l&rsquo;enqu\u00eate par questionnaire \u00e0 propos des mesures sanitaires. Les verbatims ainsi que les graphes ont permis une discussion sur les mesures sanitaires et une meilleure compr\u00e9hension de leur acceptabilit\u00e9 (ou non-acceptabilit\u00e9) par les citoyens.<\/p>\n\n\n\n<p><\/p>\n\n\n\n<h4>Consignes :<\/h4>\n\n\n\n<div class=\"is-layout-flex wp-container-3 wp-block-columns\">\n<div class=\"is-layout-flow wp-block-column\" style=\"flex-basis:100%\">\n<div class=\"is-layout-flow wp-block-group\"><div class=\"wp-block-group__inner-container\">\n<div class=\"wp-block-media-text alignwide has-media-on-the-right\" style=\"grid-template-columns:auto 47%\"><figure class=\"wp-block-media-text__media\"><img decoding=\"async\" loading=\"lazy\" width=\"904\" height=\"508\" src=\"http:\/\/information-crise-sanitaire.ricod.net\/wp-content\/uploads\/2022\/09\/groupecovid.jpg\" alt=\"\" class=\"wp-image-1857 size-full\" srcset=\"http:\/\/information-crise-sanitaire.ricod.net\/wp-content\/uploads\/2022\/09\/groupecovid.jpg 904w, http:\/\/information-crise-sanitaire.ricod.net\/wp-content\/uploads\/2022\/09\/groupecovid-300x169.jpg 300w, http:\/\/information-crise-sanitaire.ricod.net\/wp-content\/uploads\/2022\/09\/groupecovid-768x432.jpg 768w\" sizes=\"(max-width: 904px) 100vw, 904px\" \/><\/figure><div class=\"wp-block-media-text__content\">\n<p style=\"font-size:19px\"><em><em>\u00ab\u00a0Sur la base des verbatims vous essayerez de proposer une repr\u00e9sentation des facteurs <\/em><\/em><br><em><em>sanitaires (confinement, couvre-feux\u2026), <\/em><\/em><br><em><em>politiques (passe sanitaire et vaccinal\u2026), <\/em><\/em><br><em><em>m\u00e9diatiques (focalisation des m\u00e9dia, chiffres\u2026), <\/em><\/em><br><em><em>qui ont rendu la crise difficile \u00e0 vivre que vous illustrerez par des exemples et des images<\/em><\/em><br><em><em> (cela peut-\u00eatre aussi une \u00e9chelle)\u201d.&nbsp;<\/em><\/em><\/p>\n<\/div><\/div>\n<\/div><\/div>\n<\/div>\n<\/div>\n\n\n\n<h4>R\u00e9sultats :<\/h4>\n\n\n\n<p><strong>Groupe 1 :<\/strong> Les \u00e9tudiants ont abouti \u00e0 une analyse du sentiment d\u2019abandon ressenti par les jeunes pendant la crise sanitaire. Selon ce groupe,  les mesures n\u2019\u00e9taient pas en ad\u00e9quation avec le danger r\u00e9el du covid et par cons\u00e9quent les jeunes ne se sentaient pas concern\u00e9s par la maladie.<\/p>\n\n\n\n<p>Vid\u00e9o de l&rsquo;atelier :<\/p>\n\n\n\n<figure class=\"wp-block-embed is-type-video is-provider-youtube wp-block-embed-youtube wp-embed-aspect-16-9 wp-has-aspect-ratio\"><div class=\"wp-block-embed__wrapper\">\n<iframe loading=\"lazy\" title=\"Atelier2-Video1\" width=\"800\" height=\"450\" src=\"https:\/\/www.youtube.com\/embed\/TNGp1GbInrs?feature=oembed\" frameborder=\"0\" allow=\"accelerometer; autoplay; clipboard-write; encrypted-media; gyroscope; picture-in-picture\" allowfullscreen><\/iframe>\n<\/div><\/figure>\n\n\n\n<p>Le livrable produit par ce groupe est une synth\u00e8se mettant en \u00e9vidence les diff\u00e9rents facteurs de la crise sanitaire ( facteurs sanitaires, politiques et m\u00e9diatiques) expliquant le niveau d&rsquo;acceptabilit\u00e9  des r\u00e9pondants au questionnaire sur la crise sanitaire.<\/p>\n\n\n\n<div class=\"wp-block-image\"><figure class=\"aligncenter size-full\"><img decoding=\"async\" loading=\"lazy\" width=\"766\" height=\"468\" src=\"http:\/\/information-crise-sanitaire.ricod.net\/wp-content\/uploads\/2022\/09\/image-15.png\" alt=\"\" class=\"wp-image-1805\" srcset=\"http:\/\/information-crise-sanitaire.ricod.net\/wp-content\/uploads\/2022\/09\/image-15.png 766w, http:\/\/information-crise-sanitaire.ricod.net\/wp-content\/uploads\/2022\/09\/image-15-300x183.png 300w\" sizes=\"(max-width: 766px) 100vw, 766px\" \/><\/figure><\/div>\n\n\n\n<p>Quant aux facteurs politiques, les participants ont soulign\u00e9 l\u2019incoh\u00e9rence de la communication des pouvoirs publics et l\u2019instrumentalisation de la crise \u00e0 l&rsquo;approche des \u00e9lections.<\/p>\n\n\n\n<div class=\"wp-block-image\"><figure class=\"aligncenter size-full\"><img decoding=\"async\" loading=\"lazy\" width=\"746\" height=\"442\" src=\"http:\/\/information-crise-sanitaire.ricod.net\/wp-content\/uploads\/2022\/09\/image-16.png\" alt=\"\" class=\"wp-image-1806\" srcset=\"http:\/\/information-crise-sanitaire.ricod.net\/wp-content\/uploads\/2022\/09\/image-16.png 746w, http:\/\/information-crise-sanitaire.ricod.net\/wp-content\/uploads\/2022\/09\/image-16-300x178.png 300w\" sizes=\"(max-width: 746px) 100vw, 746px\" \/><\/figure><\/div>\n\n\n\n<p>Du point de vue des facteurs m\u00e9diatiques, la proportion qu\u2019a prise la crise sanitaire dans le discours m\u00e9diatique a \u00e9clips\u00e9 d\u2019autres probl\u00e8mes soci\u00e9taux.<\/p>\n\n\n\n<div class=\"wp-block-image\"><figure class=\"aligncenter size-full\"><img decoding=\"async\" loading=\"lazy\" width=\"760\" height=\"466\" src=\"http:\/\/information-crise-sanitaire.ricod.net\/wp-content\/uploads\/2022\/09\/image-17.png\" alt=\"\" class=\"wp-image-1807\" srcset=\"http:\/\/information-crise-sanitaire.ricod.net\/wp-content\/uploads\/2022\/09\/image-17.png 760w, http:\/\/information-crise-sanitaire.ricod.net\/wp-content\/uploads\/2022\/09\/image-17-300x184.png 300w\" sizes=\"(max-width: 760px) 100vw, 760px\" \/><\/figure><\/div>\n\n\n\n<p>Les \u00e9tudiants concluent que les facteurs sanitaires sont en r\u00e9alit\u00e9 les facteurs qui ont \u201cle moins inqui\u00e9t\u00e9 les r\u00e9pondants\u201d. En effet, les facteurs politiques ont le plus marqu\u00e9 les citoyens car elles ont impact\u00e9 leur quotidien \u00e0 travers des mesures restrictives et des d\u00e9cisions incoh\u00e9rentes. Les facteurs m\u00e9diatiques viennent en deuxi\u00e8me position sur l\u2019\u00e9chelle comparative entre les impacts des diff\u00e9rents facteurs de la crise sur les v\u00e9cus et les ressentis des r\u00e9pondants. L\u2019omnipr\u00e9sence de la crise sanitaire sur la sc\u00e8ne m\u00e9diatique et la prolif\u00e9ration des discours et informations sur celle-ci a cr\u00e9\u00e9 une confusion g\u00e9n\u00e9rale chez les citoyens.<\/p>\n\n\n\n<div class=\"wp-block-image\"><figure class=\"aligncenter size-full\"><img decoding=\"async\" loading=\"lazy\" width=\"838\" height=\"516\" src=\"http:\/\/information-crise-sanitaire.ricod.net\/wp-content\/uploads\/2022\/09\/image-18.png\" alt=\"\" class=\"wp-image-1808\" srcset=\"http:\/\/information-crise-sanitaire.ricod.net\/wp-content\/uploads\/2022\/09\/image-18.png 838w, http:\/\/information-crise-sanitaire.ricod.net\/wp-content\/uploads\/2022\/09\/image-18-300x185.png 300w, http:\/\/information-crise-sanitaire.ricod.net\/wp-content\/uploads\/2022\/09\/image-18-768x473.png 768w\" sizes=\"(max-width: 838px) 100vw, 838px\" \/><\/figure><\/div>\n\n\n\n<p><strong>Groupe 2 : <\/strong><\/p>\n\n\n\n<p>Le groupe 2 a cartographi\u00e9 les causes de cette crise et ont travaill\u00e9 \u00e0 identifier les raisons de l&rsquo;acceptabilit\u00e9 ou de non-acceptabilit\u00e9 des publics. <\/p>\n\n\n\n<p>Les principaux facteurs relev\u00e9s sont&nbsp; :&nbsp;<\/p>\n\n\n\n<ul><li>G\u00e9opolitique ( Mondialisation de l\u2019\u00e9pid\u00e9mie et de la crise)&nbsp;<\/li><li>Oubli des connaissances de la crise (manque d\u2019anticipation, h\u00e9sitation, situation minimis\u00e9e au d\u00e9but car in\u00e9dite)<\/li><li>Information et m\u00e9dias ( manque d\u2019information &#8211;&nbsp; trop d\u2019information &#8211; manque de contestaton &#8211; trop de sources d\u2019information,\u2026)<\/li><li>Comportements sociaux (individualisme)<\/li><li>Politique autoritaires ( mensonges sur le masque &#8211; manque d\u2019int\u00e9r\u00eat pour l\u2019opinion publique &#8211; opportunit\u00e9 politiques &#8211; passage en force (vaccin))<\/li><li>In\u00e9galit\u00e9s sociales&nbsp;<\/li><\/ul>\n\n\n\n<figure class=\"wp-block-image\"><img decoding=\"async\" src=\"https:\/\/lh4.googleusercontent.com\/mWn5D4L4B_zzAWDUD0hoNE0dwc819zGcbNUWBHNRzA-QvKjl5A-TNdEhBQdXHXajHTM5bUgZ70p8wRuie5P3hMV3gMojNtn2zoXaCblHDWOLkZJfkIdpVTJkhTzK-8DZbkMxxLgGs-Ft7Eg6jOpipMCnzxEK9qaJbAA2FwRvHryBL1br-M3tfpS6KQ\" alt=\"\"\/><\/figure>\n\n\n\n<p><\/p>\n","protected":false},"excerpt":{"rendered":"<p>Objectif : Le groupe a parcouru les verbatims pour approfondir la compr\u00e9hension des r\u00e9sultats de l&rsquo;enqu\u00eate par questionnaire \u00e0 propos des mesures sanitaires. Les verbatims ainsi que les graphes ont permis une discussion sur les mesures sanitaires et une meilleure<\/p>\n","protected":false},"author":4,"featured_media":1860,"comment_status":"open","ping_status":"open","sticky":false,"template":"","format":"standard","meta":{"om_disable_all_campaigns":false,"_monsterinsights_skip_tracking":false,"_monsterinsights_sitenote_active":false,"_monsterinsights_sitenote_note":"","_monsterinsights_sitenote_category":0},"categories":[59,31],"tags":[],"_links":{"self":[{"href":"http:\/\/information-crise-sanitaire.ricod.net\/index.php\/wp-json\/wp\/v2\/posts\/1797"}],"collection":[{"href":"http:\/\/information-crise-sanitaire.ricod.net\/index.php\/wp-json\/wp\/v2\/posts"}],"about":[{"href":"http:\/\/information-crise-sanitaire.ricod.net\/index.php\/wp-json\/wp\/v2\/types\/post"}],"author":[{"embeddable":true,"href":"http:\/\/information-crise-sanitaire.ricod.net\/index.php\/wp-json\/wp\/v2\/users\/4"}],"replies":[{"embeddable":true,"href":"http:\/\/information-crise-sanitaire.ricod.net\/index.php\/wp-json\/wp\/v2\/comments?post=1797"}],"version-history":[{"count":23,"href":"http:\/\/information-crise-sanitaire.ricod.net\/index.php\/wp-json\/wp\/v2\/posts\/1797\/revisions"}],"predecessor-version":[{"id":1992,"href":"http:\/\/information-crise-sanitaire.ricod.net\/index.php\/wp-json\/wp\/v2\/posts\/1797\/revisions\/1992"}],"wp:featuredmedia":[{"embeddable":true,"href":"http:\/\/information-crise-sanitaire.ricod.net\/index.php\/wp-json\/wp\/v2\/media\/1860"}],"wp:attachment":[{"href":"http:\/\/information-crise-sanitaire.ricod.net\/index.php\/wp-json\/wp\/v2\/media?parent=1797"}],"wp:term":[{"taxonomy":"category","embeddable":true,"href":"http:\/\/information-crise-sanitaire.ricod.net\/index.php\/wp-json\/wp\/v2\/categories?post=1797"},{"taxonomy":"post_tag","embeddable":true,"href":"http:\/\/information-crise-sanitaire.ricod.net\/index.php\/wp-json\/wp\/v2\/tags?post=1797"}],"curies":[{"name":"wp","href":"https:\/\/api.w.org\/{rel}","templated":true}]}}