{"id":1846,"date":"2022-09-11T19:50:18","date_gmt":"2022-09-11T17:50:18","guid":{"rendered":"http:\/\/information-crise-sanitaire.ricod.net\/?p=1846"},"modified":"2022-11-30T20:28:00","modified_gmt":"2022-11-30T19:28:00","slug":"des-participants-favorable-a-la-vaccination-spontanee-pour-proteger-la-population","status":"publish","type":"post","link":"http:\/\/information-crise-sanitaire.ricod.net\/index.php\/2022\/09\/11\/des-participants-favorable-a-la-vaccination-spontanee-pour-proteger-la-population\/","title":{"rendered":"Des participants favorable \u00e0 la vaccination spontan\u00e9e pour prot\u00e9ger la population."},"content":{"rendered":"\n<p>Une question subsidiaire a \u00e9t\u00e9 pos\u00e9e aux participants sur la vaccination volontaire :&nbsp; \u201cSans les contraintes li\u00e9es \u00e0 la mise en place du passe sanitaire puis du passe vaccinal, auriez-vous \u00e9t\u00e9 pr\u00eats \u00e0 vous faire vacciner spontan\u00e9ment ?.\u201d Une majorit\u00e9 de participants (57 %) d\u00e9clarent qu\u2019ils se seraient fait vacciner spontan\u00e9ment. La part des moins de 27 ans (\u00e2ge m\u00e9dian) \u00e0 \u00eatre dispos\u00e9s \u00e0 se faire vacciner spontan\u00e9ment est de 60 % alors que chez les plus de 27 ans, cette part est l\u00e9g\u00e8rement moins importante et est de 57 %.&nbsp;&nbsp;<\/p>\n\n\n\n<div class=\"wp-block-image\"><figure class=\"aligncenter\"><img decoding=\"async\" src=\"https:\/\/lh6.googleusercontent.com\/5fEdMqr_Xr7YTpNE97o5YLd1Lu4PSImWjVUSNSIEWga8xYv3QwbvclTBVvd-FtnnkRPG2eA7QzNMZ8irYuc9aVhXz9CKRZgb8NOpuZyx9Cmzy4ft6zoJO8eE8wdPis-awsW297S-CjNWoKQK74b0iSBEzZfXqxacV_Bokf2XRHAroExVdr7YI7s6tw\" alt=\"\"\/><\/figure><\/div>\n\n\n\n<figure class=\"wp-block-image\"><img decoding=\"async\" src=\"https:\/\/lh3.googleusercontent.com\/6N48St6OIKLdxUtvuadi5RyqB99JQmuRmill4oTc_Bp5hK_bt7OEkseoH83-9CkjBm1SCEgrfAuX6Swt17jlpfmPR45_Y9eciaAjy7OzgmWATby5hFTbOZLO53YpQoeWKFPidk9A9andPWnHuvSWxpBgcEw8uDvzVJcriDyIJUtniXWQm983_5bHBQ\" alt=\"\"\/><\/figure>\n\n\n\n<p>Certains participants se sentent chanceux d\u2019avoir eu&nbsp; acc\u00e8s \u00e0 la vaccination rapidement, d\u2019autres particpants trouvent tout \u00e0 fait normal de se faire vacciner pour lutter collectivement contre l\u2019\u00e9pid\u00e9mie et prot\u00e9ger les plus vuln\u00e9rables.&nbsp;<\/p>\n\n\n\n<p>Cependant il est \u00e0 noter que certains participants qui ont bien v\u00e9cu l\u2019incitation \u00e0 la vaccination ne sont pas du m\u00eame avis quant aux passes sanitaire et\/ou vaccinal.&nbsp;<\/p>\n\n\n\n<blockquote class=\"wp-block-quote is-style-default\"><p><em>\u201cUn devoir citoyen qui nait du principe de bonne foie et de protection de la population.\u201d&nbsp;<\/em><\/p><cite>Verbatim participant<\/cite><\/blockquote>\n\n\n\n<p>D\u2019autres participants estiment que l\u2019incitation \u00e0 la vaccination se rapprochait d\u2019une obligation,&nbsp; portait atteinte aux libert\u00e9s individuelles, et divisait les citoyens en stigmatisant les non-vaccin\u00e9s.<\/p>\n\n\n\n<p><br>La pression sociale, la pression induite par les passes sanitaire et vaccinal ont conduit certains participants \u00e0 se faire vacciner pour garder leurs libert\u00e9s de d\u00e9placements et de vie sociale, comme pour voyager, se rendre dans les lieux culturels,\u2026 mais aussi simplement pour continuer \u00e0 travailler. Certains d\u00e9clarent d\u2019eux-m\u00eames que sans ces obligations li\u00e9es aux passes, ils ne se seraient pas fait vacciner.<\/p>\n\n\n\n<blockquote class=\"wp-block-quote is-style-default\"><p><em><em>\u201cJe pense que les incitations \u00e0 la vaccination se sont faites au d\u00e9triment de la libert\u00e9 de jugement de chacun, et presque sous la forme de \u00ab\u00a0chantage\u00a0\u00bb avec le pass sanitaire \/ vaccinal.\u201d<\/em><\/em><\/p><cite>Verbatim participant<\/cite><\/blockquote>\n\n\n\n<blockquote class=\"wp-block-quote is-style-default\"><p><em>\u201cLa tristesse de voir que ces questions ont divis\u00e9 les personnes et stigmatis\u00e9 les non-vaccin\u00e9s. Le sentiment d&rsquo;avoir \u00e9t\u00e9 forc\u00e9 \u00e0 la vaccination sous peine de privation de libert\u00e9.\u201d<\/em><\/p><cite>Verbatim participant<\/cite><\/blockquote>\n\n\n\n<blockquote class=\"wp-block-quote is-style-default\"><p><em>\u201cJe me suis vaccin\u00e9e par obligation professionnelle. Si j\u2019avais eu le choix, je ne l&rsquo;aurais jamais fait.\u201d<\/em><\/p><cite>Verbatim participant<\/cite><\/blockquote>\n\n\n\n<p><\/p>\n\n\n\n<p><\/p>\n","protected":false},"excerpt":{"rendered":"<p>Une question subsidiaire a \u00e9t\u00e9 pos\u00e9e aux participants sur la vaccination volontaire :&nbsp; \u201cSans les contraintes li\u00e9es \u00e0 la mise en place du passe sanitaire puis du passe vaccinal, auriez-vous \u00e9t\u00e9 pr\u00eats \u00e0 vous faire vacciner spontan\u00e9ment ?.\u201d Une majorit\u00e9<\/p>\n","protected":false},"author":4,"featured_media":1847,"comment_status":"open","ping_status":"open","sticky":false,"template":"","format":"standard","meta":{"om_disable_all_campaigns":false,"_monsterinsights_skip_tracking":false,"_monsterinsights_sitenote_active":false,"_monsterinsights_sitenote_note":"","_monsterinsights_sitenote_category":0},"categories":[30,69,79],"tags":[],"_links":{"self":[{"href":"http:\/\/information-crise-sanitaire.ricod.net\/index.php\/wp-json\/wp\/v2\/posts\/1846"}],"collection":[{"href":"http:\/\/information-crise-sanitaire.ricod.net\/index.php\/wp-json\/wp\/v2\/posts"}],"about":[{"href":"http:\/\/information-crise-sanitaire.ricod.net\/index.php\/wp-json\/wp\/v2\/types\/post"}],"author":[{"embeddable":true,"href":"http:\/\/information-crise-sanitaire.ricod.net\/index.php\/wp-json\/wp\/v2\/users\/4"}],"replies":[{"embeddable":true,"href":"http:\/\/information-crise-sanitaire.ricod.net\/index.php\/wp-json\/wp\/v2\/comments?post=1846"}],"version-history":[{"count":2,"href":"http:\/\/information-crise-sanitaire.ricod.net\/index.php\/wp-json\/wp\/v2\/posts\/1846\/revisions"}],"predecessor-version":[{"id":1920,"href":"http:\/\/information-crise-sanitaire.ricod.net\/index.php\/wp-json\/wp\/v2\/posts\/1846\/revisions\/1920"}],"wp:featuredmedia":[{"embeddable":true,"href":"http:\/\/information-crise-sanitaire.ricod.net\/index.php\/wp-json\/wp\/v2\/media\/1847"}],"wp:attachment":[{"href":"http:\/\/information-crise-sanitaire.ricod.net\/index.php\/wp-json\/wp\/v2\/media?parent=1846"}],"wp:term":[{"taxonomy":"category","embeddable":true,"href":"http:\/\/information-crise-sanitaire.ricod.net\/index.php\/wp-json\/wp\/v2\/categories?post=1846"},{"taxonomy":"post_tag","embeddable":true,"href":"http:\/\/information-crise-sanitaire.ricod.net\/index.php\/wp-json\/wp\/v2\/tags?post=1846"}],"curies":[{"name":"wp","href":"https:\/\/api.w.org\/{rel}","templated":true}]}}